{"id":43192,"date":"2024-05-29T18:30:00","date_gmt":"2024-05-29T21:30:00","guid":{"rendered":"https:\/\/www.obispado-mdp.org.ar\/a\/?p=43192"},"modified":"2024-04-03T16:52:51","modified_gmt":"2024-04-03T19:52:51","slug":"evangelio-segun-marcos-1046-52","status":"publish","type":"post","link":"https:\/\/www.obispado-mdp.org.ar\/a\/evangelio-segun-marcos-1046-52\/","title":{"rendered":"Evangelio seg\u00fan\u00a0San Marcos\u00a010,46-52."},"content":{"rendered":"\n<p>Despu\u00e9s llegaron a Jeric\u00f3. Cuando Jes\u00fas sal\u00eda de all\u00ed, acompa\u00f1ado de sus disc\u00edpulos y de una gran multitud, el hijo de Timeo -Bartimeo, un mendigo ciego- estaba sentado junto al camino.<br>Al enterarse de que pasaba Jes\u00fas, el Nazareno, se puso a gritar: \u00ab\u00a1Jes\u00fas, Hijo de David, ten piedad de m\u00ed!\u00bb.<br>Muchos lo reprend\u00edan para que se callara, pero \u00e9l gritaba m\u00e1s fuerte: \u00ab\u00a1Hijo de David, ten piedad de m\u00ed!\u00bb.<br>Jes\u00fas se detuvo y dijo: \u00abLl\u00e1menlo\u00bb. Entonces llamaron al ciego y le dijeron: \u00ab\u00a1Animo, lev\u00e1ntate! El te llama\u00bb.<br>Y el ciego, arrojando su manto, se puso de pie de un salto y fue hacia \u00e9l.<br>Jes\u00fas le pregunt\u00f3: \u00ab\u00bfQu\u00e9 quieres que haga por ti?\u00bb. El le respondi\u00f3: \u00abMaestro, que yo pueda ver\u00bb.<br>Jes\u00fas le dijo: \u00abVete, tu fe te ha salvado\u00bb. En seguida comenz\u00f3 a ver y lo sigui\u00f3 por el camino.<\/p>\n\n\n\n<p class=\"has-text-align-right\"><em>Extra\u00eddo de la Biblia: Libro del Pueblo de Dios. <\/em><\/p>\n","protected":false},"excerpt":{"rendered":"<p>Despu\u00e9s llegaron a Jeric\u00f3. Cuando Jes\u00fas sal\u00eda de all\u00ed, acompa\u00f1ado de sus disc\u00edpulos y de una gran multitud, el hijo de Timeo -Bartimeo, un mendigo ciego- estaba sentado junto al camino.Al enterarse de que pasaba Jes\u00fas, el Nazareno, se puso a gritar: \u00ab\u00a1Jes\u00fas, Hijo de David, ten piedad de m\u00ed!\u00bb.Muchos lo reprend\u00edan para que se [&hellip;]<\/p>\n","protected":false},"author":3,"featured_media":31450,"comment_status":"open","ping_status":"closed","sticky":false,"template":"","format":"standard","meta":{"_et_pb_use_builder":"off","_et_pb_old_content":"<!-- wp:paragraph -->\n<p> Al atardecer de ese mismo d\u00eda, el primero de la semana, estando cerradas las puertas del lugar donde se encontraban los disc\u00edpulos, por temor a los jud\u00edos, lleg\u00f3 Jes\u00fas y poni\u00e9ndose en medio de ellos, les dijo: \"\u00a1La paz est\u00e9 con ustedes!\".<br>Mientras dec\u00eda esto, les mostr\u00f3 sus manos y su costado. Los disc\u00edpulos se llenaron de alegr\u00eda cuando vieron al Se\u00f1or.<br>Jes\u00fas les dijo de nuevo: \"\u00a1La paz est\u00e9 con ustedes! Como el Padre me envi\u00f3 a m\u00ed, yo tambi\u00e9n los env\u00edo a ustedes\".<br>Al decirles esto, sopl\u00f3 sobre ellos y a\u00f1adi\u00f3: \"Reciban el Esp\u00edritu Santo.<br>Los pecados ser\u00e1n perdonados a los que ustedes se los perdonen, y ser\u00e1n retenidos a los que ustedes se los retengan\". <\/p>\n<!-- \/wp:paragraph -->\n\n<!-- wp:paragraph {\"align\":\"right\"} -->\n<p class=\"has-text-align-right\"><em>Extra\u00eddo de la Biblia: Libro del Pueblo de Dios. <\/em><\/p>\n<!-- \/wp:paragraph -->","_et_gb_content_width":""},"categories":[6],"tags":[],"aioseo_notices":[],"_links":{"self":[{"href":"https:\/\/www.obispado-mdp.org.ar\/a\/wp-json\/wp\/v2\/posts\/43192"}],"collection":[{"href":"https:\/\/www.obispado-mdp.org.ar\/a\/wp-json\/wp\/v2\/posts"}],"about":[{"href":"https:\/\/www.obispado-mdp.org.ar\/a\/wp-json\/wp\/v2\/types\/post"}],"author":[{"embeddable":true,"href":"https:\/\/www.obispado-mdp.org.ar\/a\/wp-json\/wp\/v2\/users\/3"}],"replies":[{"embeddable":true,"href":"https:\/\/www.obispado-mdp.org.ar\/a\/wp-json\/wp\/v2\/comments?post=43192"}],"version-history":[{"count":2,"href":"https:\/\/www.obispado-mdp.org.ar\/a\/wp-json\/wp\/v2\/posts\/43192\/revisions"}],"predecessor-version":[{"id":43453,"href":"https:\/\/www.obispado-mdp.org.ar\/a\/wp-json\/wp\/v2\/posts\/43192\/revisions\/43453"}],"wp:featuredmedia":[{"embeddable":true,"href":"https:\/\/www.obispado-mdp.org.ar\/a\/wp-json\/wp\/v2\/media\/31450"}],"wp:attachment":[{"href":"https:\/\/www.obispado-mdp.org.ar\/a\/wp-json\/wp\/v2\/media?parent=43192"}],"wp:term":[{"taxonomy":"category","embeddable":true,"href":"https:\/\/www.obispado-mdp.org.ar\/a\/wp-json\/wp\/v2\/categories?post=43192"},{"taxonomy":"post_tag","embeddable":true,"href":"https:\/\/www.obispado-mdp.org.ar\/a\/wp-json\/wp\/v2\/tags?post=43192"}],"curies":[{"name":"wp","href":"https:\/\/api.w.org\/{rel}","templated":true}]}}