{"id":43194,"date":"2024-05-30T18:30:00","date_gmt":"2024-05-30T21:30:00","guid":{"rendered":"https:\/\/www.obispado-mdp.org.ar\/a\/?p=43194"},"modified":"2024-04-03T16:52:31","modified_gmt":"2024-04-03T19:52:31","slug":"evangelio-segun-lucas-139-56","status":"publish","type":"post","link":"https:\/\/www.obispado-mdp.org.ar\/a\/evangelio-segun-lucas-139-56\/","title":{"rendered":"Evangelio seg\u00fan\u00a0San Lucas\u00a01,39-56."},"content":{"rendered":"\n<p>Mar\u00eda parti\u00f3 y fue sin demora a un pueblo de la monta\u00f1a de Jud\u00e1.<br>Entr\u00f3 en la casa de Zacar\u00edas y salud\u00f3 a Isabel.<br>Apenas esta oy\u00f3 el saludo de Mar\u00eda, el ni\u00f1o salt\u00f3 de alegr\u00eda en su seno, e Isabel, llena del Esp\u00edritu Santo,<br>exclam\u00f3: \u00ab\u00a1T\u00fa eres bendita entre todas las mujeres y bendito es el fruto de tu vientre!<br>\u00bfQui\u00e9n soy yo, para que la madre de mi Se\u00f1or venga a visitarme?<br>Apenas o\u00ed tu saludo, el ni\u00f1o salt\u00f3 de alegr\u00eda en mi seno.<br>Feliz de ti por haber cre\u00eddo que se cumplir\u00e1 lo que te fue anunciado de parte del Se\u00f1or\u00bb.<br>Mar\u00eda dijo entonces: \u00abMi alma canta la grandeza del Se\u00f1or,<br>y mi esp\u00edritu se estremece de gozo en Dios, mi Salvador,<br>porque \u00e9l mir\u00f3 con bondad la peque\u00f1ez de tu servidora.<br>En adelante todas las generaciones me llamar\u00e1n feliz\u00bb.<br>Porque el Todopoderoso ha hecho en m\u00ed grandes cosas:<br>\u00a1su Nombre es santo!<br>Su misericordia se extiende de generaci\u00f3n en generaci\u00f3n<br>sobre aquellos que lo temen.<br>Despleg\u00f3 la fuerza de su brazo, dispers\u00f3 a los soberbios de coraz\u00f3n.<br>Derrib\u00f3 a los poderosos de su trono y elev\u00f3 a los humildes.<br>Colm\u00f3 de bienes a los hambrientos<br>y despidi\u00f3 a los ricos con las manos vac\u00edas.<br>Socorri\u00f3 a Israel, su servidor,<br>acord\u00e1ndose de su misericordia,<br>como lo hab\u00eda prometido a nuestros padres,<br>en favor de Abraham y de su descendencia para siempre\u00bb.<br>Mar\u00eda permaneci\u00f3 con Isabel unos tres meses y luego regres\u00f3 a su casa.<\/p>\n\n\n\n<p class=\"has-text-align-right\"><em>Extra\u00eddo de la Biblia: Libro del Pueblo de Dios. <\/em><\/p>\n","protected":false},"excerpt":{"rendered":"<p>Mar\u00eda parti\u00f3 y fue sin demora a un pueblo de la monta\u00f1a de Jud\u00e1.Entr\u00f3 en la casa de Zacar\u00edas y salud\u00f3 a Isabel.Apenas esta oy\u00f3 el saludo de Mar\u00eda, el ni\u00f1o salt\u00f3 de alegr\u00eda en su seno, e Isabel, llena del Esp\u00edritu Santo,exclam\u00f3: \u00ab\u00a1T\u00fa eres bendita entre todas las mujeres y bendito es el fruto [&hellip;]<\/p>\n","protected":false},"author":3,"featured_media":31455,"comment_status":"open","ping_status":"closed","sticky":false,"template":"","format":"standard","meta":{"_et_pb_use_builder":"off","_et_pb_old_content":"<!-- wp:paragraph -->\n<p> Al atardecer de ese mismo d\u00eda, el primero de la semana, estando cerradas las puertas del lugar donde se encontraban los disc\u00edpulos, por temor a los jud\u00edos, lleg\u00f3 Jes\u00fas y poni\u00e9ndose en medio de ellos, les dijo: \"\u00a1La paz est\u00e9 con ustedes!\".<br>Mientras dec\u00eda esto, les mostr\u00f3 sus manos y su costado. Los disc\u00edpulos se llenaron de alegr\u00eda cuando vieron al Se\u00f1or.<br>Jes\u00fas les dijo de nuevo: \"\u00a1La paz est\u00e9 con ustedes! Como el Padre me envi\u00f3 a m\u00ed, yo tambi\u00e9n los env\u00edo a ustedes\".<br>Al decirles esto, sopl\u00f3 sobre ellos y a\u00f1adi\u00f3: \"Reciban el Esp\u00edritu Santo.<br>Los pecados ser\u00e1n perdonados a los que ustedes se los perdonen, y ser\u00e1n retenidos a los que ustedes se los retengan\". <\/p>\n<!-- \/wp:paragraph -->\n\n<!-- wp:paragraph {\"align\":\"right\"} -->\n<p class=\"has-text-align-right\"><em>Extra\u00eddo de la Biblia: Libro del Pueblo de Dios. <\/em><\/p>\n<!-- \/wp:paragraph -->","_et_gb_content_width":""},"categories":[6],"tags":[],"aioseo_notices":[],"_links":{"self":[{"href":"https:\/\/www.obispado-mdp.org.ar\/a\/wp-json\/wp\/v2\/posts\/43194"}],"collection":[{"href":"https:\/\/www.obispado-mdp.org.ar\/a\/wp-json\/wp\/v2\/posts"}],"about":[{"href":"https:\/\/www.obispado-mdp.org.ar\/a\/wp-json\/wp\/v2\/types\/post"}],"author":[{"embeddable":true,"href":"https:\/\/www.obispado-mdp.org.ar\/a\/wp-json\/wp\/v2\/users\/3"}],"replies":[{"embeddable":true,"href":"https:\/\/www.obispado-mdp.org.ar\/a\/wp-json\/wp\/v2\/comments?post=43194"}],"version-history":[{"count":2,"href":"https:\/\/www.obispado-mdp.org.ar\/a\/wp-json\/wp\/v2\/posts\/43194\/revisions"}],"predecessor-version":[{"id":43452,"href":"https:\/\/www.obispado-mdp.org.ar\/a\/wp-json\/wp\/v2\/posts\/43194\/revisions\/43452"}],"wp:featuredmedia":[{"embeddable":true,"href":"https:\/\/www.obispado-mdp.org.ar\/a\/wp-json\/wp\/v2\/media\/31455"}],"wp:attachment":[{"href":"https:\/\/www.obispado-mdp.org.ar\/a\/wp-json\/wp\/v2\/media?parent=43194"}],"wp:term":[{"taxonomy":"category","embeddable":true,"href":"https:\/\/www.obispado-mdp.org.ar\/a\/wp-json\/wp\/v2\/categories?post=43194"},{"taxonomy":"post_tag","embeddable":true,"href":"https:\/\/www.obispado-mdp.org.ar\/a\/wp-json\/wp\/v2\/tags?post=43194"}],"curies":[{"name":"wp","href":"https:\/\/api.w.org\/{rel}","templated":true}]}}