{"id":43196,"date":"2024-05-31T18:30:00","date_gmt":"2024-05-31T21:30:00","guid":{"rendered":"https:\/\/www.obispado-mdp.org.ar\/a\/?p=43196"},"modified":"2024-04-03T16:52:12","modified_gmt":"2024-04-03T19:52:12","slug":"evangelio-segun-marcos-1127-33","status":"publish","type":"post","link":"https:\/\/www.obispado-mdp.org.ar\/a\/evangelio-segun-marcos-1127-33\/","title":{"rendered":"Evangelio seg\u00fan\u00a0San Marcos\u00a011,27-33."},"content":{"rendered":"\n<p>Y llegaron de nuevo a Jerusal\u00e9n. Mientras Jes\u00fas caminaba por el Templo, los sumos sacerdotes, los escribas y los ancianos se acercaron a \u00e9l<br>y le dijeron: \u00ab\u00bfCon qu\u00e9 autoridad haces estas cosas? \u00bfO qui\u00e9n te dio autoridad para hacerlo?\u00bb.<br>Jes\u00fas les respondi\u00f3: \u00abYo tambi\u00e9n quiero hacerles una sola pregunta. Si me responden, les dir\u00e9 con qu\u00e9 autoridad hago estas cosas.<br>D\u00edganme: el bautismo de Juan, \u00bfven\u00eda del cielo o de los hombres?\u00bb.<br>Ellos se hac\u00edan este razonamiento: \u00abSi contestamos: &#8216;Del cielo&#8217;, \u00e9l nos dir\u00e1: &#8216;\u00bfPor qu\u00e9 no creyeron en \u00e9l?&#8217;.<br>\u00bfDiremos entonces: \u00abDe los hombres&#8217;?\u00bb. Pero como tem\u00edan al pueblo, porque todos consideraban que Juan hab\u00eda sido realmente un profeta,<br>respondieron a Jes\u00fas: \u00abNo sabemos\u00bb. Y \u00e9l les respondi\u00f3: \u00abYo tampoco les dir\u00e9 con qu\u00e9 autoridad hago estas cosas\u00bb.<\/p>\n\n\n\n<p class=\"has-text-align-right\"><em>Extra\u00eddo de la Biblia: Libro del Pueblo de Dios. <\/em><\/p>\n","protected":false},"excerpt":{"rendered":"<p>Y llegaron de nuevo a Jerusal\u00e9n. Mientras Jes\u00fas caminaba por el Templo, los sumos sacerdotes, los escribas y los ancianos se acercaron a \u00e9ly le dijeron: \u00ab\u00bfCon qu\u00e9 autoridad haces estas cosas? \u00bfO qui\u00e9n te dio autoridad para hacerlo?\u00bb.Jes\u00fas les respondi\u00f3: \u00abYo tambi\u00e9n quiero hacerles una sola pregunta. Si me responden, les dir\u00e9 con qu\u00e9 [&hellip;]<\/p>\n","protected":false},"author":3,"featured_media":31440,"comment_status":"open","ping_status":"closed","sticky":false,"template":"","format":"standard","meta":{"_et_pb_use_builder":"off","_et_pb_old_content":"<!-- wp:paragraph -->\n<p> Al atardecer de ese mismo d\u00eda, el primero de la semana, estando cerradas las puertas del lugar donde se encontraban los disc\u00edpulos, por temor a los jud\u00edos, lleg\u00f3 Jes\u00fas y poni\u00e9ndose en medio de ellos, les dijo: \"\u00a1La paz est\u00e9 con ustedes!\".<br>Mientras dec\u00eda esto, les mostr\u00f3 sus manos y su costado. Los disc\u00edpulos se llenaron de alegr\u00eda cuando vieron al Se\u00f1or.<br>Jes\u00fas les dijo de nuevo: \"\u00a1La paz est\u00e9 con ustedes! Como el Padre me envi\u00f3 a m\u00ed, yo tambi\u00e9n los env\u00edo a ustedes\".<br>Al decirles esto, sopl\u00f3 sobre ellos y a\u00f1adi\u00f3: \"Reciban el Esp\u00edritu Santo.<br>Los pecados ser\u00e1n perdonados a los que ustedes se los perdonen, y ser\u00e1n retenidos a los que ustedes se los retengan\". <\/p>\n<!-- \/wp:paragraph -->\n\n<!-- wp:paragraph {\"align\":\"right\"} -->\n<p class=\"has-text-align-right\"><em>Extra\u00eddo de la Biblia: Libro del Pueblo de Dios. <\/em><\/p>\n<!-- \/wp:paragraph -->","_et_gb_content_width":""},"categories":[6],"tags":[],"aioseo_notices":[],"_links":{"self":[{"href":"https:\/\/www.obispado-mdp.org.ar\/a\/wp-json\/wp\/v2\/posts\/43196"}],"collection":[{"href":"https:\/\/www.obispado-mdp.org.ar\/a\/wp-json\/wp\/v2\/posts"}],"about":[{"href":"https:\/\/www.obispado-mdp.org.ar\/a\/wp-json\/wp\/v2\/types\/post"}],"author":[{"embeddable":true,"href":"https:\/\/www.obispado-mdp.org.ar\/a\/wp-json\/wp\/v2\/users\/3"}],"replies":[{"embeddable":true,"href":"https:\/\/www.obispado-mdp.org.ar\/a\/wp-json\/wp\/v2\/comments?post=43196"}],"version-history":[{"count":2,"href":"https:\/\/www.obispado-mdp.org.ar\/a\/wp-json\/wp\/v2\/posts\/43196\/revisions"}],"predecessor-version":[{"id":43451,"href":"https:\/\/www.obispado-mdp.org.ar\/a\/wp-json\/wp\/v2\/posts\/43196\/revisions\/43451"}],"wp:featuredmedia":[{"embeddable":true,"href":"https:\/\/www.obispado-mdp.org.ar\/a\/wp-json\/wp\/v2\/media\/31440"}],"wp:attachment":[{"href":"https:\/\/www.obispado-mdp.org.ar\/a\/wp-json\/wp\/v2\/media?parent=43196"}],"wp:term":[{"taxonomy":"category","embeddable":true,"href":"https:\/\/www.obispado-mdp.org.ar\/a\/wp-json\/wp\/v2\/categories?post=43196"},{"taxonomy":"post_tag","embeddable":true,"href":"https:\/\/www.obispado-mdp.org.ar\/a\/wp-json\/wp\/v2\/tags?post=43196"}],"curies":[{"name":"wp","href":"https:\/\/api.w.org\/{rel}","templated":true}]}}