{"id":43204,"date":"2024-03-04T17:10:35","date_gmt":"2024-03-04T20:10:35","guid":{"rendered":"https:\/\/www.obispado-mdp.org.ar\/a\/?p=43204"},"modified":"2024-03-04T17:10:36","modified_gmt":"2024-03-04T20:10:36","slug":"jornada-de-espiritualidad-de-cuaresma-del-clero","status":"publish","type":"post","link":"https:\/\/www.obispado-mdp.org.ar\/a\/jornada-de-espiritualidad-de-cuaresma-del-clero\/","title":{"rendered":"JORNADA DE ESPIRITUALIDAD DE CUARESMA DEL CLERO"},"content":{"rendered":"\n<p class=\"has-white-color has-pale-cyan-blue-background-color has-text-color has-background has-small-font-size\"><strong>Participaron sacerdotes diocesanos y religiosos y los di\u00e1conos de la di\u00f3cesis de Mar del Plata<\/strong><\/p>\n\n\n\n<p>Este lunes, en la Casa de Ejercicios San Francisco y Santa Clara, del Bosque Peralta Ramos, los sacerdotes diocesanos y religiosos y los di\u00e1conos de la di\u00f3cesis de Mar del Plata, se encontraron para compartir un momento d<em>e oraci\u00f3n y reflexi\u00f3n en el marco de la habitual Jornada de Cuaresma del Clero.<\/em><\/p>\n\n\n\n<p>El administrador apost\u00f3lico, monse\u00f1or Ernesto Giobando, tuvo a cargo la meditaci\u00f3n, para la cual tom\u00f3 como eje el Mensaje del Santo Padre Francisco para la Cuaresma de este a\u00f1o.<\/p>\n\n\n\n<p>Luego de la pl\u00e1tica, hubo un momento de oraci\u00f3n personal y a continuaci\u00f3n celebraron la Eucarist\u00eda. Finalmente, compartieron un almuerzo fraterno.<\/p>\n\n\n\n<figure class=\"wp-block-image size-large\"><img loading=\"lazy\" width=\"1024\" height=\"768\" src=\"https:\/\/www.obispado-mdp.org.ar\/a\/wp-content\/uploads\/2024\/03\/JC-transformed-1024x768.jpeg\" alt=\"\" class=\"wp-image-43205\"\/><\/figure>\n\n\n\n<figure class=\"wp-block-image size-large\"><img loading=\"lazy\" width=\"1024\" height=\"768\" src=\"https:\/\/www.obispado-mdp.org.ar\/a\/wp-content\/uploads\/2024\/03\/JC2-1024x768.jpg\" alt=\"\" class=\"wp-image-43206\"\/><\/figure>\n","protected":false},"excerpt":{"rendered":"<p>Participaron sacerdotes diocesanos y religiosos y los di\u00e1conos de la di\u00f3cesis de Mar del Plata Este lunes, en la Casa de Ejercicios San Francisco y Santa Clara, del Bosque Peralta Ramos, los sacerdotes diocesanos y religiosos y los di\u00e1conos de la di\u00f3cesis de Mar del Plata, se encontraron para compartir un momento de oraci\u00f3n y [&hellip;]<\/p>\n","protected":false},"author":4,"featured_media":0,"comment_status":"open","ping_status":"open","sticky":false,"template":"","format":"standard","meta":{"_et_pb_use_builder":"","_et_pb_old_content":"","_et_gb_content_width":""},"categories":[4],"tags":[],"aioseo_notices":[],"_links":{"self":[{"href":"https:\/\/www.obispado-mdp.org.ar\/a\/wp-json\/wp\/v2\/posts\/43204"}],"collection":[{"href":"https:\/\/www.obispado-mdp.org.ar\/a\/wp-json\/wp\/v2\/posts"}],"about":[{"href":"https:\/\/www.obispado-mdp.org.ar\/a\/wp-json\/wp\/v2\/types\/post"}],"author":[{"embeddable":true,"href":"https:\/\/www.obispado-mdp.org.ar\/a\/wp-json\/wp\/v2\/users\/4"}],"replies":[{"embeddable":true,"href":"https:\/\/www.obispado-mdp.org.ar\/a\/wp-json\/wp\/v2\/comments?post=43204"}],"version-history":[{"count":1,"href":"https:\/\/www.obispado-mdp.org.ar\/a\/wp-json\/wp\/v2\/posts\/43204\/revisions"}],"predecessor-version":[{"id":43207,"href":"https:\/\/www.obispado-mdp.org.ar\/a\/wp-json\/wp\/v2\/posts\/43204\/revisions\/43207"}],"wp:attachment":[{"href":"https:\/\/www.obispado-mdp.org.ar\/a\/wp-json\/wp\/v2\/media?parent=43204"}],"wp:term":[{"taxonomy":"category","embeddable":true,"href":"https:\/\/www.obispado-mdp.org.ar\/a\/wp-json\/wp\/v2\/categories?post=43204"},{"taxonomy":"post_tag","embeddable":true,"href":"https:\/\/www.obispado-mdp.org.ar\/a\/wp-json\/wp\/v2\/tags?post=43204"}],"curies":[{"name":"wp","href":"https:\/\/api.w.org\/{rel}","templated":true}]}}