{"id":43211,"date":"2024-03-10T17:52:00","date_gmt":"2024-03-10T20:52:00","guid":{"rendered":"https:\/\/www.obispado-mdp.org.ar\/a\/?p=43211"},"modified":"2024-03-10T18:48:21","modified_gmt":"2024-03-10T21:48:21","slug":"catequistas-de-la-diocesis-participaron-del-retiro-anual","status":"publish","type":"post","link":"https:\/\/www.obispado-mdp.org.ar\/a\/catequistas-de-la-diocesis-participaron-del-retiro-anual\/","title":{"rendered":"CATEQUISTAS DE LA DI\u00d3CESIS PARTICIPARON DEL RETIRO ANUAL"},"content":{"rendered":"\n<p class=\"has-white-color has-pale-cyan-blue-background-color has-text-color has-background\" style=\"font-size:17px\"><strong>Con el lema \u201cSe\u00f1or, ens\u00e9\u00f1anos a orar\u201d los casi trescientos catequistas compartieron toda la jornada.<\/strong><\/p>\n\n\n\n<p>Catequistas de la di\u00f3cesis colmaron el sal\u00f3n de actos del Colegio Jes\u00fas Obrero, de Mar del Plata, donde participaron del retiro organizado por el Secretariado de Catequesis Renovada.<\/p>\n\n\n\n<p>Con el lema \u201cSe\u00f1or, ens\u00e9\u00f1anos a orar\u201d los casi trescientos catequistas compartieron toda la jornada. Por la ma\u00f1ana tuvo el formato de un encuentro de catequesis, partiendo de la propia vida, se propuso hacer un \u201ctest de oraci\u00f3n\u201d, que se realiz\u00f3 en grupos, y luego hubo una iluminaci\u00f3n acerca de la oraci\u00f3n, a cargo de la directora del Secretariado, Vicky Cabral, para cerrar luego ese momento, con la adoraci\u00f3n eucar\u00edstica.<\/p>\n\n\n\n<p>El administrador apost\u00f3lico, monse\u00f1or Ernesto Giobando sj., particip\u00f3 del encuentro y mantuvo su primer acercamiento con los catequistas de la di\u00f3cesis. Antes del almuerzo, y como cierre del retiro, presidi\u00f3 la Eucarist\u00eda, concelebrada por los sacerdotes Ezequiel Kseim, Juan Andr\u00e9s Rosso y Mario Fregenal fdp.<\/p>\n\n\n\n<p>En el marco de la actividad, tambi\u00e9n se presentaron las \u201cOrientaciones para la Catequesis de Comuni\u00f3n\u201d que el Secretariado estuvo trabajando, a la luz del S\u00ednodo Diocesano.<\/p>\n\n\n\n<p><strong>Testimonio de monse\u00f1or Giobando<\/strong><\/p>\n\n\n\n<p>En su homil\u00eda, monse\u00f1or Giobando comenz\u00f3 exhortando a todos a recordar su vocaci\u00f3n de catequistas: \u201cSeguro que todos nosotros podemos dar testimonio de nuestra vocaci\u00f3n de catequistas como una gracia que el Se\u00f1or nos dio en alg\u00fan momento de la vida\u201d, y comparti\u00f3 su experiencia al contar \u201ca los 15 a\u00f1os hice los Ejercicios Espirituales y ah\u00ed hubo un vuelco en mi vida, una conversi\u00f3n. Despu\u00e9s de esos Ejercicios le dije al jesuita que me acompa\u00f1aba que ten\u00eda ganas de hacer algo por los dem\u00e1s: \u2018tengo ganas de dar catequesis\u2019. Fui a la Parroquia de Guadalupe en Santa Fe y habl\u00e9 con el p\u00e1rroco y le dije \u2018vengo para dar catequesis\u2019 y me dice \u2018hay un grupo que ha tomado la comuni\u00f3n, tom\u00e1 un pasaje del Evangelio de Lucas y coment\u00e1selo\u2019. Yo lo preparaba antes, le preguntaba a mis padres que no entend\u00eda -gracias a Dios tuve dos papas muy fuertes en la fe- y ah\u00ed empec\u00e9 dando catequesis.\u201d<\/p>\n\n\n\n<p>\u201cY siempre la catequesis fue como algo particular en mi vida. Siempre me gust\u00f3 dar catequesis sobre todo a los ni\u00f1os y pre adolescentes. Es como un espacio \u00fanico. \u00a1Qu\u00e9 privilegio poder ense\u00f1ar la catequesis a los ni\u00f1os, poder anunciarles la fe!\u201d, prosigui\u00f3.<\/p>\n\n\n\n<p><strong>Comentario a las lecturas<\/strong><\/p>\n\n\n\n<p>Comentando las lecturas de la liturgia del IV Domingo de Cuaresma, explic\u00f3: \u201cen la segunda lectura y en el Evangelio, est\u00e1 expl\u00edcitamente anunciado el <em>kerygma<\/em> de la fe. San Pablo dice \u201cpor el gran amor con que nos am\u00f3, precisamente cuando est\u00e1bamos muertos a causa de nuestros pecados, nos hizo revivir con Cristo -\u00a1ustedes han sido salvados gratuitamente!- y con Cristo Jes\u00fas nos resucit\u00f3 y nos hizo reinar con \u00c9l en el cielo\u201d (Ef 2,4-6).&nbsp;<\/p>\n\n\n\n<p>\u201cEstos vers\u00edculos \u2013afirm\u00f3 el purpurado- son el anuncio, el <em>kerygma<\/em>, que siempre tiene que estar en el fondo de todo lo que ense\u00f1amos, incluso ense\u00f1ando cosas del Antiguo Testamento, tiene que estar Jes\u00fas en el centro de nuestro anuncio\u201d, y agreg\u00f3: \u201ca veces hoy nos encontramos con gente que la fe la tiene muy dormida o est\u00e1n pasando por crisis de fe: \u00a1qu\u00e9 importante poder decirles \u2018Cristo rico en misericordia te ama\u2019 \u00bfCu\u00e1ndo llegamos a poder decir esta frase? \u2013se pregunt\u00f3-. Quiz\u00e1s lo tengamos que decir de entrada, o cuando sea, pero lo importante es decirlo.\u201d<\/p>\n\n\n\n<p>Acerca de otro pasaje del Evangelio, prosigui\u00f3: \u201cTomando la imagen de la serpiente que se levanta en el desierto para librar a todos los que fueron mordidos, de la misma manera es necesario que el hijo del hombre sea levantado en alto no solo en la cruz sino en el misterio de su ascensi\u00f3n, pero todo es una misma manera de irlo levantando, Dios lo va levantando a su Hijo: as\u00ed como baj\u00f3 del cielo, sube al cielo. Baj\u00f3 del cielo el Hijo de Dios, la Palabra hecha carne, y baja para podernos elevar a nosotros, pero esa elevaci\u00f3n por la gracia de Dios pasa por la cruz. Toda gracia de Dios pasa por la cruz.\u201d<\/p>\n\n\n\n<p><strong>Mensaje a los catequistas<\/strong><\/p>\n\n\n\n<p>Para concluir su reflexi\u00f3n, el Administrador Apost\u00f3lico dirigi\u00f3 unas palabras a los catequistas presentes.<\/p>\n\n\n\n<p>El primer t\u00f3pico lo llam\u00f3 <em>\u201cla alegr\u00eda de venir a la Iglesia\u201d<\/em>, y al respecto dijo: \u201cYo creo que todos tenemos esta alegr\u00eda pero es una alegr\u00eda que a veces cuesta. Podr\u00edamos hablar del \u2018mal esp\u00edritu de la fiaca\u2019 Algo que encontramos en los chicos hoy muchas veces, pero nos puede pasar a todos\u201d y prosigui\u00f3: \u201cla pereza que es un pecado capital trae consigo la tristeza, y la tristeza es un mal esp\u00edritu muy fuerte porque se puede como ir enganchando en nuestra vida, y cuando la tristeza empieza los sentimientos que la tristeza produce nos apartan de la alegr\u00eda de ser parte del Pueblo de Dios.\u201d<\/p>\n\n\n\n<p>Siguiendo el mismo punto, continu\u00f3: \u201cEl Pueblo de Dios pasa momentos de crisis, en los que no entendemos, o hay cosas que no salen bien o est\u00e1n mal hechas. Ah\u00ed tenemos que pedir mucho esta gracia de la alegr\u00eda, una alegr\u00eda que no va a dibujar la realidad -la alegr\u00eda no es la sonrisa del payaso, es algo m\u00e1s hondo: es saber que Jes\u00fas nos ama, nos eleva, nos redime-.\u201d<\/p>\n\n\n\n<p>Como segundo tema, su reflexi\u00f3n abord\u00f3 <em>\u201cla vocaci\u00f3n del catequista\u201d<\/em> y exhort\u00f3 a \u201cpedir la gracia del ministerio\u201d a la vez que se pregunt\u00f3 \u201c\u00bfqu\u00e9 significa el camino al ministerio? No tener miedo a este compromiso \u2013explic\u00f3- porque es un llamado: llamados a anunciar la alegr\u00eda del evangelio.\u201d<\/p>\n\n\n\n<p>Finalmente, abordando como tercer tema <em>\u201cla oraci\u00f3n\u201d<\/em>, prosigui\u00f3 \u201ccon el lema de hoy (\u201cJes\u00fas, ens\u00e9\u00f1anos a orar\u201d) recuerdo una ense\u00f1anza de un sacerdote mayor jesuita, en una Iglesia en Congreso, Mario Anzorena, que fue director del apostolado de la oraci\u00f3n: le pido que venga a confesar y \u00e9l se sienta y me dice \u2018ven\u00ed Ernesto, \u00bfsab\u00e9s qu\u00e9 es lo mas importante en la catequesis?\u2019 (yo pens\u00e9 el catequista, el evangelio, congregar a los chicos) \u2018lo m\u00e1s importante es ense\u00f1ar a rezar a los chicos, porque de eso no se van a&nbsp; olvidar. El encuentro con Jesus no se olvida\u2019. Los privilegiados en el reino de Dios son los ni\u00f1os.\u201d<\/p>\n\n\n\n<p>Para concluir, monse\u00f1or Giobando agradeci\u00f3\u00a0 a los catequistas presentes y especialmente al Secretariado de Catequesis Renovada por la tarea.<\/p>\n\n\n\n<p><strong>Orientaciones para la catequesis:<\/strong><\/p>\n\n\n\n<p><a href=\"https:\/\/drive.google.com\/file\/d\/18YV5_xQ6LilEZrtsgzkgak51qWUYm2Tf\/view?usp=sharing\">https:\/\/drive.google.com\/file\/d\/18YV5_xQ6LilEZrtsgzkgak51qWUYm2Tf\/view?usp=sharing<\/a><\/p>\n\n\n\n<figure class=\"wp-block-image size-large\"><img loading=\"lazy\" width=\"1024\" height=\"768\" src=\"https:\/\/www.obispado-mdp.org.ar\/a\/wp-content\/uploads\/2024\/03\/02050be5-b789-4166-9a1f-98d74cca4211-transformed-1-1024x768.jpeg\" alt=\"\" class=\"wp-image-43213\"\/><\/figure>\n","protected":false},"excerpt":{"rendered":"<p>Con el lema \u201cSe\u00f1or, ens\u00e9\u00f1anos a orar\u201d los casi trescientos catequistas compartieron toda la jornada. Catequistas de la di\u00f3cesis colmaron el sal\u00f3n de actos del Colegio Jes\u00fas Obrero, de Mar del Plata, donde participaron del retiro organizado por el Secretariado de Catequesis Renovada. Con el lema \u201cSe\u00f1or, ens\u00e9\u00f1anos a orar\u201d los casi trescientos catequistas compartieron [&hellip;]<\/p>\n","protected":false},"author":4,"featured_media":0,"comment_status":"open","ping_status":"open","sticky":false,"template":"","format":"standard","meta":{"_et_pb_use_builder":"","_et_pb_old_content":"","_et_gb_content_width":""},"categories":[4],"tags":[],"aioseo_notices":[],"_links":{"self":[{"href":"https:\/\/www.obispado-mdp.org.ar\/a\/wp-json\/wp\/v2\/posts\/43211"}],"collection":[{"href":"https:\/\/www.obispado-mdp.org.ar\/a\/wp-json\/wp\/v2\/posts"}],"about":[{"href":"https:\/\/www.obispado-mdp.org.ar\/a\/wp-json\/wp\/v2\/types\/post"}],"author":[{"embeddable":true,"href":"https:\/\/www.obispado-mdp.org.ar\/a\/wp-json\/wp\/v2\/users\/4"}],"replies":[{"embeddable":true,"href":"https:\/\/www.obispado-mdp.org.ar\/a\/wp-json\/wp\/v2\/comments?post=43211"}],"version-history":[{"count":4,"href":"https:\/\/www.obispado-mdp.org.ar\/a\/wp-json\/wp\/v2\/posts\/43211\/revisions"}],"predecessor-version":[{"id":43217,"href":"https:\/\/www.obispado-mdp.org.ar\/a\/wp-json\/wp\/v2\/posts\/43211\/revisions\/43217"}],"wp:attachment":[{"href":"https:\/\/www.obispado-mdp.org.ar\/a\/wp-json\/wp\/v2\/media?parent=43211"}],"wp:term":[{"taxonomy":"category","embeddable":true,"href":"https:\/\/www.obispado-mdp.org.ar\/a\/wp-json\/wp\/v2\/categories?post=43211"},{"taxonomy":"post_tag","embeddable":true,"href":"https:\/\/www.obispado-mdp.org.ar\/a\/wp-json\/wp\/v2\/tags?post=43211"}],"curies":[{"name":"wp","href":"https:\/\/api.w.org\/{rel}","templated":true}]}}