{"id":43218,"date":"2024-03-11T15:04:39","date_gmt":"2024-03-11T18:04:39","guid":{"rendered":"https:\/\/www.obispado-mdp.org.ar\/a\/?p=43218"},"modified":"2024-03-11T15:04:41","modified_gmt":"2024-03-11T18:04:41","slug":"monsenor-giobando-visito-la-sede-del-movimiento-cursillos-de-cristiandad-mcc","status":"publish","type":"post","link":"https:\/\/www.obispado-mdp.org.ar\/a\/monsenor-giobando-visito-la-sede-del-movimiento-cursillos-de-cristiandad-mcc\/","title":{"rendered":"MONSE\u00d1OR GIOBANDO VISIT\u00d3 LA SEDE DEL MOVIMIENTO CURSILLOS DE CRISTIANDAD (MCC)"},"content":{"rendered":"\n<p>El administrador apost\u00f3lico, monse\u00f1or Ernesto Giobando sj. se hizo presente en la primera Escuela de Dirigentes, que es llevada adelante por el MCC. La misma comenz\u00f3 con un retiro de silencio y reflexi\u00f3n personal, y luego se comparti\u00f3 acerca de las actividades que est\u00e1n planificadas para este a\u00f1o.<\/p>\n\n\n\n<p>Monse\u00f1or agradeci\u00f3 la tarea que realiza dicho Movimiento, a la que llam\u00f3 \u00abde periferia\u00bb por buscar la conversi\u00f3n de muchas personas y los anim\u00f3 a seguir adelante por este camino. Finalmente les dio la bendici\u00f3n pidiendo la intercesi\u00f3n de Santa Mama Antula, y les obsequi\u00f3 a cada uno estampas con su imagen y una oraci\u00f3n a la Santa.<\/p>\n\n\n\n<p>Finalmente el padre Silvano de Sarro presidi\u00f3 la Eucarist\u00eda, acompa\u00f1ado del di\u00e1cono Hern\u00e1n Victorel, en la que se encomend\u00f3 al Se\u00f1or el a\u00f1o pastoral del MCC.<\/p>\n\n\n\n<figure class=\"wp-block-image size-large\"><img loading=\"lazy\" width=\"1024\" height=\"768\" src=\"https:\/\/www.obispado-mdp.org.ar\/a\/wp-content\/uploads\/2024\/03\/Para-nombramientos-WEB-2-1024x768.png\" alt=\"\" class=\"wp-image-43219\"\/><\/figure>\n","protected":false},"excerpt":{"rendered":"<p>El administrador apost\u00f3lico, monse\u00f1or Ernesto Giobando sj. se hizo presente en la primera Escuela de Dirigentes, que es llevada adelante por el MCC. La misma comenz\u00f3 con un retiro de silencio y reflexi\u00f3n personal, y luego se comparti\u00f3 acerca de las actividades que est\u00e1n planificadas para este a\u00f1o. Monse\u00f1or agradeci\u00f3 la tarea que realiza dicho [&hellip;]<\/p>\n","protected":false},"author":4,"featured_media":0,"comment_status":"open","ping_status":"open","sticky":false,"template":"","format":"standard","meta":{"_et_pb_use_builder":"","_et_pb_old_content":"","_et_gb_content_width":""},"categories":[4],"tags":[],"aioseo_notices":[],"_links":{"self":[{"href":"https:\/\/www.obispado-mdp.org.ar\/a\/wp-json\/wp\/v2\/posts\/43218"}],"collection":[{"href":"https:\/\/www.obispado-mdp.org.ar\/a\/wp-json\/wp\/v2\/posts"}],"about":[{"href":"https:\/\/www.obispado-mdp.org.ar\/a\/wp-json\/wp\/v2\/types\/post"}],"author":[{"embeddable":true,"href":"https:\/\/www.obispado-mdp.org.ar\/a\/wp-json\/wp\/v2\/users\/4"}],"replies":[{"embeddable":true,"href":"https:\/\/www.obispado-mdp.org.ar\/a\/wp-json\/wp\/v2\/comments?post=43218"}],"version-history":[{"count":2,"href":"https:\/\/www.obispado-mdp.org.ar\/a\/wp-json\/wp\/v2\/posts\/43218\/revisions"}],"predecessor-version":[{"id":43221,"href":"https:\/\/www.obispado-mdp.org.ar\/a\/wp-json\/wp\/v2\/posts\/43218\/revisions\/43221"}],"wp:attachment":[{"href":"https:\/\/www.obispado-mdp.org.ar\/a\/wp-json\/wp\/v2\/media?parent=43218"}],"wp:term":[{"taxonomy":"category","embeddable":true,"href":"https:\/\/www.obispado-mdp.org.ar\/a\/wp-json\/wp\/v2\/categories?post=43218"},{"taxonomy":"post_tag","embeddable":true,"href":"https:\/\/www.obispado-mdp.org.ar\/a\/wp-json\/wp\/v2\/tags?post=43218"}],"curies":[{"name":"wp","href":"https:\/\/api.w.org\/{rel}","templated":true}]}}