{"id":43253,"date":"2024-03-16T20:30:00","date_gmt":"2024-03-16T23:30:00","guid":{"rendered":"https:\/\/www.obispado-mdp.org.ar\/a\/?p=43253"},"modified":"2024-03-16T21:16:28","modified_gmt":"2024-03-17T00:16:28","slug":"asumio-el-nuevo-parroco-de-quequen","status":"publish","type":"post","link":"https:\/\/www.obispado-mdp.org.ar\/a\/asumio-el-nuevo-parroco-de-quequen\/","title":{"rendered":"Asumi\u00f3 el nuevo P\u00e1rroco de Quequ\u00e9n"},"content":{"rendered":"\n<p class=\"has-white-color has-pale-cyan-blue-background-color has-text-color has-background\"><strong>Misa de inicio del ministerio pastoral  del presb\u00edtero Hern\u00e1n Gomez Syez. <\/strong><\/p>\n\n\n\n<p><\/p>\n\n\n\n<p>El administrador apost\u00f3lico de Mar del Plata, monse\u00f1or Ernesto Giobando sj. presidi\u00f3 el s\u00e1bado 16 de marzo, la Misa de inicio del ministerio pastoral del flamante p\u00e1rroco de Nuestra Se\u00f1ora de la Merced, de la localidad de Quequ\u00e9n, presb\u00edtero Hern\u00e1n Gomez Syez. Concelebraron los sacerdotes Alejandro Martinez, Fernando Mendoza, Gonzalo Domench y Hugo Segovia, quienes desempe\u00f1an su labor en parroquias del distrito.<\/p>\n\n\n\n<p>Oriundo de la ciudad de Mar del Plata, el padre Hern\u00e1n tiene 51 a\u00f1os y ven\u00eda desempe\u00f1\u00e1ndose como p\u00e1rroco en la localidad de San Manuel, donde pastore\u00f3 a la comunidad durante casi seis a\u00f1os.<\/p>\n\n\n\n<p>Como es habitual, se ley\u00f3 al inicio de la Misa el decreto mediante el cual se lo designa a Gomez Syez al frente de la comunidad cat\u00f3lica de Quequ\u00e9n, quien proclam\u00f3 la lectura del Evangelio, tarea que le tocar\u00e1 desempe\u00f1ar como una de sus principales funciones, dentro de la amplia misi\u00f3n que implica la evangelizaci\u00f3n.<\/p>\n\n\n\n<p>En la homil\u00eda, a cargo de monse\u00f1or Giobando, el obispo expres\u00f3: \u201cEl Ministerio Sacerdotal es un servicio, nuestro ministerio es para servir al Pueblo de Dios\u201d<\/p>\n\n\n\n<p>\u201cLa tarea fundamental de la Di\u00f3cesis es que cada comunidad tenga un Pastor. Un Pastor que acompa\u00f1e&nbsp; las escuelas, acompa\u00f1e a la vida, que bendiga, que aconseje\u201d concluy\u00f3.&nbsp;<\/p>\n\n\n\n<p>Luego de la pr\u00e9dica del administrador apost\u00f3lico la celebraci\u00f3n continu\u00f3 con los ritos propios de ese tipo de celebraci\u00f3n, en la que el nuevo p\u00e1rroco renueva las promesas de su ordenaci\u00f3n presbiteral y realiza la profesi\u00f3n de fe, delante de toda la comunidad.<\/p>\n\n\n\n<p>En sus palabras de agradecimiento, el padre Hern\u00e1n manifest\u00f3: \u201cmi primer agradecimiento es a Dios por darme una nueva comunidad, a Monse\u00f1or por sus palabras, a los sacerdotes a Nuestra Madre\u201d<\/p>\n\n\n\n<p>Finalmente, miembros de la comunidad obsequiaron un mate a su flamante pastor, y Joly Jensen di\u00f3 c\u00e1lidas palabras de bienvenida en nombre de toda la comunidad.<\/p>\n\n\n\n<div class=\"wp-container-1 wp-block-group\"><div class=\"wp-block-group__inner-container\">\n<figure class=\"wp-block-image size-large\"><img loading=\"lazy\" width=\"1024\" height=\"768\" src=\"https:\/\/www.obispado-mdp.org.ar\/a\/wp-content\/uploads\/2024\/03\/ps-1024x768.jpg\" alt=\"\" class=\"wp-image-43254\"\/><\/figure>\n<\/div><\/div>\n\n\n\n<figure class=\"wp-block-image size-large\"><img loading=\"lazy\" width=\"1024\" height=\"768\" src=\"https:\/\/www.obispado-mdp.org.ar\/a\/wp-content\/uploads\/2024\/03\/e-1024x768.jpg\" alt=\"\" class=\"wp-image-43255\"\/><\/figure>\n\n\n\n<figure class=\"wp-block-image size-large\"><img loading=\"lazy\" width=\"1024\" height=\"768\" src=\"https:\/\/www.obispado-mdp.org.ar\/a\/wp-content\/uploads\/2024\/03\/b-1024x768.jpg\" alt=\"\" class=\"wp-image-43256\"\/><\/figure>\n","protected":false},"excerpt":{"rendered":"<p>Misa de inicio del ministerio pastoral del presb\u00edtero Hern\u00e1n Gomez Syez. El administrador apost\u00f3lico de Mar del Plata, monse\u00f1or Ernesto Giobando sj. presidi\u00f3 el s\u00e1bado 16 de marzo, la Misa de inicio del ministerio pastoral del flamante p\u00e1rroco de Nuestra Se\u00f1ora de la Merced, de la localidad de Quequ\u00e9n, presb\u00edtero Hern\u00e1n Gomez Syez. Concelebraron los [&hellip;]<\/p>\n","protected":false},"author":4,"featured_media":0,"comment_status":"open","ping_status":"open","sticky":false,"template":"","format":"standard","meta":{"_et_pb_use_builder":"","_et_pb_old_content":"","_et_gb_content_width":""},"categories":[4],"tags":[],"aioseo_notices":[],"_links":{"self":[{"href":"https:\/\/www.obispado-mdp.org.ar\/a\/wp-json\/wp\/v2\/posts\/43253"}],"collection":[{"href":"https:\/\/www.obispado-mdp.org.ar\/a\/wp-json\/wp\/v2\/posts"}],"about":[{"href":"https:\/\/www.obispado-mdp.org.ar\/a\/wp-json\/wp\/v2\/types\/post"}],"author":[{"embeddable":true,"href":"https:\/\/www.obispado-mdp.org.ar\/a\/wp-json\/wp\/v2\/users\/4"}],"replies":[{"embeddable":true,"href":"https:\/\/www.obispado-mdp.org.ar\/a\/wp-json\/wp\/v2\/comments?post=43253"}],"version-history":[{"count":2,"href":"https:\/\/www.obispado-mdp.org.ar\/a\/wp-json\/wp\/v2\/posts\/43253\/revisions"}],"predecessor-version":[{"id":43258,"href":"https:\/\/www.obispado-mdp.org.ar\/a\/wp-json\/wp\/v2\/posts\/43253\/revisions\/43258"}],"wp:attachment":[{"href":"https:\/\/www.obispado-mdp.org.ar\/a\/wp-json\/wp\/v2\/media?parent=43253"}],"wp:term":[{"taxonomy":"category","embeddable":true,"href":"https:\/\/www.obispado-mdp.org.ar\/a\/wp-json\/wp\/v2\/categories?post=43253"},{"taxonomy":"post_tag","embeddable":true,"href":"https:\/\/www.obispado-mdp.org.ar\/a\/wp-json\/wp\/v2\/tags?post=43253"}],"curies":[{"name":"wp","href":"https:\/\/api.w.org\/{rel}","templated":true}]}}