{"id":43268,"date":"2024-03-19T21:06:41","date_gmt":"2024-03-20T00:06:41","guid":{"rendered":"https:\/\/www.obispado-mdp.org.ar\/a\/?p=43268"},"modified":"2024-03-19T21:18:34","modified_gmt":"2024-03-20T00:18:34","slug":"el-administrador-apostolico-se-reunio-con-la-comunidad-de-nuestra-senora-de-fatima-en-san-manuel","status":"publish","type":"post","link":"https:\/\/www.obispado-mdp.org.ar\/a\/el-administrador-apostolico-se-reunio-con-la-comunidad-de-nuestra-senora-de-fatima-en-san-manuel\/","title":{"rendered":"<strong>El administrador apost\u00f3lico se reuni\u00f3 con la comunidad de Nuestra Se\u00f1ora de F\u00e1tima en San Manuel<\/strong>"},"content":{"rendered":"\n<p class=\"has-text-align-center has-white-color has-pale-cyan-blue-background-color has-text-color has-background has-small-font-size\"><strong>Encuentro con los fieles de la localidad<\/strong><\/p>\n\n\n\n<p><\/p>\n\n\n\n<p class=\"has-text-align-center\">El administrador apost\u00f3lico de la di\u00f3cesis de Mar del Plata, monse\u00f1or Ernesto Giobando, visit\u00f3 pastoralmente la localidad de San Manuel, donde se reuni\u00f3 con la comunidad parroquial. En dicha localidad, ubicada a 150 kil\u00f3metros de la sede episcopal de Mar del Plata, y en l\u00edmite con la vecina di\u00f3cesis de Azul, se encuentra la Parroquia Nuestra Se\u00f1ora de F\u00e1tima, que cuenta a su vez con una escuela.<\/p>\n\n\n\n<p class=\"has-text-align-center\">Monse\u00f1or Giobando comparti\u00f3 un encuentro con los fieles, quienes le contaron la historia de la localidad, marcada a fuego por el paso del ya fallecido monse\u00f1or Julio Melucci, quien fuera p\u00e1rroco de esa Iglesia por m\u00e1s de cincuenta a\u00f1os. Asimismo, conversaron acerca de la realidad pastoral y del reciente cambio producido por el traslado a Quequ\u00e9n del padre Hern\u00e1n Gomez Syez y el nombramiento como administrador parroquial del padre Julio Malla, quien acompa\u00f1ar\u00e1 durante este tiempo a la comunidad sanmanuelense conjuntamente con su tarea pastoral como p\u00e1rroco en Nuestra Se\u00f1ora del Carmen, de Lober\u00eda.<\/p>\n\n\n\n<p><\/p>\n\n\n<div class=\"wp-block-image\">\n<figure class=\"aligncenter size-full\"><img loading=\"lazy\" width=\"648\" height=\"560\" src=\"https:\/\/www.obispado-mdp.org.ar\/a\/wp-content\/uploads\/2024\/03\/Imagen-de-WhatsApp-2024-03-19-a-las-16.51.03_29ae5837.jpg\" alt=\"\" class=\"wp-image-43281\"\/><\/figure><\/div>","protected":false},"excerpt":{"rendered":"<p>Encuentro con los fieles de la localidad El administrador apost\u00f3lico de la di\u00f3cesis de Mar del Plata, monse\u00f1or Ernesto Giobando, visit\u00f3 pastoralmente la localidad de San Manuel, donde se reuni\u00f3 con la comunidad parroquial. En dicha localidad, ubicada a 150 kil\u00f3metros de la sede episcopal de Mar del Plata, y en l\u00edmite con la vecina [&hellip;]<\/p>\n","protected":false},"author":4,"featured_media":0,"comment_status":"open","ping_status":"open","sticky":false,"template":"","format":"standard","meta":{"_et_pb_use_builder":"","_et_pb_old_content":"","_et_gb_content_width":""},"categories":[4],"tags":[],"aioseo_notices":[],"_links":{"self":[{"href":"https:\/\/www.obispado-mdp.org.ar\/a\/wp-json\/wp\/v2\/posts\/43268"}],"collection":[{"href":"https:\/\/www.obispado-mdp.org.ar\/a\/wp-json\/wp\/v2\/posts"}],"about":[{"href":"https:\/\/www.obispado-mdp.org.ar\/a\/wp-json\/wp\/v2\/types\/post"}],"author":[{"embeddable":true,"href":"https:\/\/www.obispado-mdp.org.ar\/a\/wp-json\/wp\/v2\/users\/4"}],"replies":[{"embeddable":true,"href":"https:\/\/www.obispado-mdp.org.ar\/a\/wp-json\/wp\/v2\/comments?post=43268"}],"version-history":[{"count":4,"href":"https:\/\/www.obispado-mdp.org.ar\/a\/wp-json\/wp\/v2\/posts\/43268\/revisions"}],"predecessor-version":[{"id":43285,"href":"https:\/\/www.obispado-mdp.org.ar\/a\/wp-json\/wp\/v2\/posts\/43268\/revisions\/43285"}],"wp:attachment":[{"href":"https:\/\/www.obispado-mdp.org.ar\/a\/wp-json\/wp\/v2\/media?parent=43268"}],"wp:term":[{"taxonomy":"category","embeddable":true,"href":"https:\/\/www.obispado-mdp.org.ar\/a\/wp-json\/wp\/v2\/categories?post=43268"},{"taxonomy":"post_tag","embeddable":true,"href":"https:\/\/www.obispado-mdp.org.ar\/a\/wp-json\/wp\/v2\/tags?post=43268"}],"curies":[{"name":"wp","href":"https:\/\/api.w.org\/{rel}","templated":true}]}}