{"id":43270,"date":"2024-03-19T16:21:42","date_gmt":"2024-03-19T19:21:42","guid":{"rendered":"https:\/\/www.obispado-mdp.org.ar\/a\/?p=43270"},"modified":"2024-03-19T16:21:43","modified_gmt":"2024-03-19T19:21:43","slug":"monsenor-giobando-visito-el-hogar-de-las-misioneras-de-la-caridad","status":"publish","type":"post","link":"https:\/\/www.obispado-mdp.org.ar\/a\/monsenor-giobando-visito-el-hogar-de-las-misioneras-de-la-caridad\/","title":{"rendered":"Monse\u00f1or Giobando visit\u00f3 el Hogar de las Misioneras de la Caridad"},"content":{"rendered":"\n<p><\/p>\n\n\n\n<p>Este martes 19 por la ma\u00f1ana, el administrador apost\u00f3lico de nuestra di\u00f3cesis, monse\u00f1or Ernesto Giobando sj., visit\u00f3 el Hogar Mar\u00eda Reina de la Paz, en el Barrio Parque Palermo, de la ciudad de Mar del Plata, donde desde hace m\u00e1s de 25 a\u00f1os las religiosas fundadas por Santa Teresa de Calcuta, las Misioneras de la Caridad, asisten y acompa\u00f1an a las personas enfermas que all\u00ed residen.<\/p>\n\n\n\n<p>En primer t\u00e9rmino, las hermanas junto al padre Hern\u00e1n David dieron la bienvenida a monse\u00f1or Giobando, y lo invitaron a conocer las instalaciones, junto a algunos voluntarios que se hicieron presente. Luego lo acompa\u00f1aron a la capilla, donde se celebr\u00f3 la Santa Misa junto a los residentes del Hogar, en el d\u00eda de la Solemnidad de San Jos\u00e9.<\/p>\n\n\n\n<p>Finalmente el Administrador Apost\u00f3lico comparti\u00f3 un momento fraterno con la comunidad religiosa, donde pudo interiorizarse acerca de su apostolado en pos de los m\u00e1s postergados.<\/p>\n\n\n\n<p><\/p>\n\n\n\n<figure class=\"wp-block-image size-large\"><img loading=\"lazy\" width=\"768\" height=\"1024\" src=\"https:\/\/www.obispado-mdp.org.ar\/a\/wp-content\/uploads\/2024\/03\/Imagen-de-WhatsApp-2024-03-19-a-las-12.36.43_37934793-1-768x1024.jpg\" alt=\"\" class=\"wp-image-43275\"\/><\/figure>\n\n\n\n<figure class=\"wp-block-image size-large\"><img loading=\"lazy\" width=\"1024\" height=\"768\" src=\"https:\/\/www.obispado-mdp.org.ar\/a\/wp-content\/uploads\/2024\/03\/Imagen-de-WhatsApp-2024-03-19-a-las-12.36.43_89d54486-1-1024x768.jpg\" alt=\"\" class=\"wp-image-43276\"\/><\/figure>\n\n\n\n<figure class=\"wp-block-image size-large\"><img loading=\"lazy\" width=\"768\" height=\"1024\" src=\"https:\/\/www.obispado-mdp.org.ar\/a\/wp-content\/uploads\/2024\/03\/misa-768x1024.jpg\" alt=\"\" class=\"wp-image-43277\"\/><\/figure>\n","protected":false},"excerpt":{"rendered":"<p>Este martes 19 por la ma\u00f1ana, el administrador apost\u00f3lico de nuestra di\u00f3cesis, monse\u00f1or Ernesto Giobando sj., visit\u00f3 el Hogar Mar\u00eda Reina de la Paz, en el Barrio Parque Palermo, de la ciudad de Mar del Plata, donde desde hace m\u00e1s de 25 a\u00f1os las religiosas fundadas por Santa Teresa de Calcuta, las Misioneras de la [&hellip;]<\/p>\n","protected":false},"author":4,"featured_media":0,"comment_status":"open","ping_status":"open","sticky":false,"template":"","format":"standard","meta":{"_et_pb_use_builder":"","_et_pb_old_content":"","_et_gb_content_width":""},"categories":[4],"tags":[],"aioseo_notices":[],"_links":{"self":[{"href":"https:\/\/www.obispado-mdp.org.ar\/a\/wp-json\/wp\/v2\/posts\/43270"}],"collection":[{"href":"https:\/\/www.obispado-mdp.org.ar\/a\/wp-json\/wp\/v2\/posts"}],"about":[{"href":"https:\/\/www.obispado-mdp.org.ar\/a\/wp-json\/wp\/v2\/types\/post"}],"author":[{"embeddable":true,"href":"https:\/\/www.obispado-mdp.org.ar\/a\/wp-json\/wp\/v2\/users\/4"}],"replies":[{"embeddable":true,"href":"https:\/\/www.obispado-mdp.org.ar\/a\/wp-json\/wp\/v2\/comments?post=43270"}],"version-history":[{"count":5,"href":"https:\/\/www.obispado-mdp.org.ar\/a\/wp-json\/wp\/v2\/posts\/43270\/revisions"}],"predecessor-version":[{"id":43280,"href":"https:\/\/www.obispado-mdp.org.ar\/a\/wp-json\/wp\/v2\/posts\/43270\/revisions\/43280"}],"wp:attachment":[{"href":"https:\/\/www.obispado-mdp.org.ar\/a\/wp-json\/wp\/v2\/media?parent=43270"}],"wp:term":[{"taxonomy":"category","embeddable":true,"href":"https:\/\/www.obispado-mdp.org.ar\/a\/wp-json\/wp\/v2\/categories?post=43270"},{"taxonomy":"post_tag","embeddable":true,"href":"https:\/\/www.obispado-mdp.org.ar\/a\/wp-json\/wp\/v2\/tags?post=43270"}],"curies":[{"name":"wp","href":"https:\/\/api.w.org\/{rel}","templated":true}]}}