{"id":43286,"date":"2024-03-20T08:11:27","date_gmt":"2024-03-20T11:11:27","guid":{"rendered":"https:\/\/www.obispado-mdp.org.ar\/a\/?p=43286"},"modified":"2024-03-20T08:11:28","modified_gmt":"2024-03-20T11:11:28","slug":"en-el-dia-de-san-jose-balcarce-celebro-su-fiesta-patronal","status":"publish","type":"post","link":"https:\/\/www.obispado-mdp.org.ar\/a\/en-el-dia-de-san-jose-balcarce-celebro-su-fiesta-patronal\/","title":{"rendered":"En el d\u00eda de San Jos\u00e9, Balcarce celebr\u00f3 su fiesta patronal"},"content":{"rendered":"\n<p class=\"has-white-color has-pale-cyan-blue-background-color has-text-color has-background\"><strong>Una jornada de j\u00fabilo se vivi\u00f3 en Balcarce, que celebra el 19 de marzo su fiesta patronal, honrando a San Jos\u00e9.<\/strong><\/p>\n\n\n\n<p>La Parroquia que lo tiene por Patrono, ubicada frente a la plaza Libertad -en el centro de la ciudad- fue el centro de la celebraci\u00f3n, que comenz\u00f3 con una procesi\u00f3n y continu\u00f3 con la Santa Misa, ambas presididas por el administrador apost\u00f3lico de nuestra di\u00f3cesis, monse\u00f1or Ernesto Giobando sj. <\/p>\n\n\n\n<p>Tambi\u00e9n se encontraban presentes el cura p\u00e1rroco, presb\u00edtero Pablo Etchepareborda; el p\u00e1rroco de la Parroquia Santa Mar\u00eda, de esa misma localidad, presb\u00edtero David Ochoa; el presb\u00edtero Luis Esp\u00f3sito, que reside junto al padre Pablo y acompa\u00f1a pastoralmente a la Parroquia San Jos\u00e9;  el presb\u00edtero Juan Cruz Mennilli, quien fuera administrador parroquial de San Jos\u00e9; y el di\u00e1cono Walter de Santis. <\/p>\n\n\n\n<p>Asimismo, se destac\u00f3 la presencia de representantes de distintas instituciones del distrito, principalmente escuelas tanto episcopales como congregacionales, a trav\u00e9s de sus abanderados y escoltas.Monse\u00f1or Giobando revel\u00f3 que tiene una profunda devoci\u00f3n a San Jos\u00e9 desde que era ni\u00f1o, y pidi\u00f3 esa gracia para todos. <\/p>\n\n\n\n<p>Especialmente, dirigi\u00f3 unas palabras a los padres presentes, al decirles: \u201csepan que todo lo que hagan por sus hijos, por m\u00e1s peque\u00f1o que sea, queda grabado en su coraz\u00f3n para siempre.\u201d<\/p>\n\n\n\n<p> Finalmente los encomend\u00f3 a San Jos\u00e9, pidiendo para todos \u201cun coraz\u00f3n de padre\u201d.Concluida la celebraci\u00f3n, tuvo lugar un \u00e1gape fraterno, en el que se agasaj\u00f3 adem\u00e1s al padre Pablo, que el mismo d\u00eda de la fiesta del Santo Patrono, cumpli\u00f3 un nuevo aniversario desde que asumi\u00f3 en 2019 como cura p\u00e1rroco. <\/p>\n\n\n\n<figure class=\"wp-block-image size-large\"><img loading=\"lazy\" width=\"1024\" height=\"1024\" src=\"https:\/\/www.obispado-mdp.org.ar\/a\/wp-content\/uploads\/2024\/03\/IMG-20240320-WA0004-1024x1024.jpg\" alt=\"\" class=\"wp-image-43293\"\/><\/figure>\n\n\n\n<figure class=\"wp-block-image size-large\"><img loading=\"lazy\" width=\"768\" height=\"1024\" src=\"https:\/\/www.obispado-mdp.org.ar\/a\/wp-content\/uploads\/2024\/03\/IMG-20240319-WA0142-768x1024.jpg\" alt=\"\" class=\"wp-image-43288\"\/><\/figure>\n\n\n\n<figure class=\"wp-block-image size-full\"><img loading=\"lazy\" width=\"1024\" height=\"576\" src=\"https:\/\/www.obispado-mdp.org.ar\/a\/wp-content\/uploads\/2024\/03\/IMG-20240319-WA0139.jpg\" alt=\"\" class=\"wp-image-43292\"\/><\/figure>\n","protected":false},"excerpt":{"rendered":"<p>Una jornada de j\u00fabilo se vivi\u00f3 en Balcarce, que celebra el 19 de marzo su fiesta patronal, honrando a San Jos\u00e9. La Parroquia que lo tiene por Patrono, ubicada frente a la plaza Libertad -en el centro de la ciudad- fue el centro de la celebraci\u00f3n, que comenz\u00f3 con una procesi\u00f3n y continu\u00f3 con la [&hellip;]<\/p>\n","protected":false},"author":4,"featured_media":0,"comment_status":"open","ping_status":"open","sticky":false,"template":"","format":"standard","meta":{"_et_pb_use_builder":"","_et_pb_old_content":"","_et_gb_content_width":""},"categories":[4],"tags":[],"aioseo_notices":[],"_links":{"self":[{"href":"https:\/\/www.obispado-mdp.org.ar\/a\/wp-json\/wp\/v2\/posts\/43286"}],"collection":[{"href":"https:\/\/www.obispado-mdp.org.ar\/a\/wp-json\/wp\/v2\/posts"}],"about":[{"href":"https:\/\/www.obispado-mdp.org.ar\/a\/wp-json\/wp\/v2\/types\/post"}],"author":[{"embeddable":true,"href":"https:\/\/www.obispado-mdp.org.ar\/a\/wp-json\/wp\/v2\/users\/4"}],"replies":[{"embeddable":true,"href":"https:\/\/www.obispado-mdp.org.ar\/a\/wp-json\/wp\/v2\/comments?post=43286"}],"version-history":[{"count":4,"href":"https:\/\/www.obispado-mdp.org.ar\/a\/wp-json\/wp\/v2\/posts\/43286\/revisions"}],"predecessor-version":[{"id":43294,"href":"https:\/\/www.obispado-mdp.org.ar\/a\/wp-json\/wp\/v2\/posts\/43286\/revisions\/43294"}],"wp:attachment":[{"href":"https:\/\/www.obispado-mdp.org.ar\/a\/wp-json\/wp\/v2\/media?parent=43286"}],"wp:term":[{"taxonomy":"category","embeddable":true,"href":"https:\/\/www.obispado-mdp.org.ar\/a\/wp-json\/wp\/v2\/categories?post=43286"},{"taxonomy":"post_tag","embeddable":true,"href":"https:\/\/www.obispado-mdp.org.ar\/a\/wp-json\/wp\/v2\/tags?post=43286"}],"curies":[{"name":"wp","href":"https:\/\/api.w.org\/{rel}","templated":true}]}}