{"id":43295,"date":"2024-03-24T17:48:13","date_gmt":"2024-03-24T20:48:13","guid":{"rendered":"https:\/\/www.obispado-mdp.org.ar\/a\/?p=43295"},"modified":"2024-03-24T17:48:23","modified_gmt":"2024-03-24T20:48:23","slug":"domingo-de-ramos-mons-giobando-pidio-que-los-ramitos-que-llevamos-sean-signo-de-paz","status":"publish","type":"post","link":"https:\/\/www.obispado-mdp.org.ar\/a\/domingo-de-ramos-mons-giobando-pidio-que-los-ramitos-que-llevamos-sean-signo-de-paz\/","title":{"rendered":"Domingo de Ramos: Mons. Giobando pidi\u00f3 que \u201clos ramitos que llevamos sean signo de paz\u201d"},"content":{"rendered":"\n<p class=\"has-white-color has-pale-cyan-blue-background-color has-text-color has-background has-medium-font-size\"><strong>Comienzo de la Semana Santa<\/strong><\/p>\n\n\n\n<div class=\"wp-container-1 is-vertical wp-block-group\">\n<p><\/p>\n\n\n\n<p><em>La Iglesia Catedral de Mar del Plata<\/em><strong>,<\/strong> al igual que las distintas parroquias y capillas de la di\u00f3cesis, se vi\u00f3 colmada con la presencia de fieles que acudieron para celebrar el Domingo de Ramos, dando as\u00ed comienzo a la Semana Santa. El administrador apost\u00f3lico, monse\u00f1or Ernesto Giobando, presidi\u00f3 la Misa a las 11 horas en la Catedral, comenzando como es habitual con el rito de bendici\u00f3n de los ramos. Concelebraron la Misa el p\u00e1rroco de la Catedral, presb\u00edtero Ariel Sueiro, y el vicario parroquial, presb\u00edtero Juan Pablo Arrachea.<\/p>\n\n\n\n<p><\/p>\n\n\n\n<p>Al referirse al signo de los ramos de olivo, el prelado destac\u00f3: <em>\u201choy portamos un ramito, que es un signo de paz, que tambi\u00e9n nos remite a Getseman\u00ed, donde a la sombra de un olivo Jes\u00fas or\u00f3. Tambi\u00e9n empleamos aceite de olivo para el Santo Crisma, con el que fuimos ungidos en el Bautismo, y precisamente la Semana Santa es la semana en la que renovamos nuestra fe cristiana que hemos recibido en el Bautismo\u201d<\/em> y agreg\u00f3 que&nbsp; esta semana<em> \u201cculminar\u00e1 en la Vigilia Pascual y en el Domingo de Pascua, pero empezar\u00e1 all\u00ed el tiempo de Pascua, que es el tiempo en que Jes\u00fas permanece con nosotros hasta el fin de los tiempos, porque Jes\u00fas est\u00e1 con nosotros.\u201d<\/em><\/p>\n\n\n\n<p><\/p>\n\n\n\n<p>Comentando la lectura de la Pasi\u00f3n seg\u00fan San Marcos, afirm\u00f3 que<em> \u201ctodo lo que acontece en la Pasi\u00f3n acontece tambi\u00e9n en la historia, y tambi\u00e9n acontece en nuestros d\u00edas porque dice San pablo que llevamos en nuestro cuerpo lo que falta a\u00fan a la Pasi\u00f3n de Jes\u00fas, porque Jes\u00fas es la cabeza y nosotros somos su cuerpo, por eso donde hay sufrimiento, dolor, donde hay tanto Getseman\u00ed, estamos invitados a acompa\u00f1ar, a rezar, a estar al lado, a ser como ese cireneo a quien le toca cargar la cruz del Se\u00f1or.\u201d<\/em> Y afirm\u00f3 que&nbsp; <em>\u201cla Pasi\u00f3n y la Semana Santa, si no van unidas a la caridad, pueden quedar solo en un culto externo que no toca nuestro coraz\u00f3n.\u201d \u201cAs\u00ed como Jes\u00fas sufri\u00f3, hoy muchos est\u00e1n sufriendo: acerqu\u00e9monos al Se\u00f1or acerc\u00e1ndonos a los que sufren y d\u00e9mosles una mano en la cruz pesada que les toca\u201d, <\/em>expres\u00f3, a la vez que record\u00f3 el gesto de esta Semana Santa en la di\u00f3cesis: llevar un alimento no perecedero a la parroquia m\u00e1s cercana.<\/p>\n\n\n\n<p>Finalmente, refiri\u00e9ndose al 24 de marzo, pidi\u00f3 que <em>\u201crecordemos lo sucedido, incluso ac\u00e1 en la di\u00f3cesis todo el sufrimiento que padeci\u00f3 en ese tiempo el hoy beato Eduardo Pironio, que podamos siempre reflexionar para que la ense\u00f1anza de la historia nos ilumine, sobre todo a los j\u00f3venes.\u201d<\/em><\/p>\n\n\n\n<p>Concluyendo con su homil\u00eda, exhort\u00f3 a los presentes a \u201c<em>participar de estos d\u00edas de Semana Santa, como d\u00edas de oraci\u00f3n,&nbsp; como una buena oportunidad para meditar qu\u00e9 me dice hoy la Pasi\u00f3n de Jes\u00fas, qu\u00e9 nos dice como Iglesia\u201d y pidi\u00f3 \u201ca la Virgen Mar\u00eda que siempre nos acompa\u00f1e y nos ponga siempre en el coraz\u00f3n de su Hijo, que es donde renovamos nuestra fe\u201d<\/em><\/p>\n<\/div>\n\n\n\n<p><\/p>\n\n\n\n<figure class=\"wp-block-image size-large is-resized\"><img loading=\"lazy\" src=\"https:\/\/www.obispado-mdp.org.ar\/a\/wp-content\/uploads\/2024\/03\/1-1024x461.jpeg\" alt=\"\" class=\"wp-image-43296\" width=\"826\" height=\"371\"\/><\/figure>\n\n\n\n<figure class=\"wp-block-image\"><img alt=\"\"\/><\/figure>\n\n\n\n<figure class=\"wp-block-image size-large\"><img loading=\"lazy\" width=\"1024\" height=\"461\" src=\"https:\/\/www.obispado-mdp.org.ar\/a\/wp-content\/uploads\/2024\/03\/Imagen-de-WhatsApp-2024-03-24-a-las-11.25.50_be537cb6-1-1024x461.jpg\" alt=\"\" class=\"wp-image-43301\"\/><\/figure>\n\n\n\n<figure class=\"wp-block-image size-large\"><img loading=\"lazy\" width=\"1024\" height=\"768\" src=\"https:\/\/www.obispado-mdp.org.ar\/a\/wp-content\/uploads\/2024\/03\/Imagen-de-WhatsApp-2024-03-24-a-las-11.54.43_743dab20-1024x768.jpg\" alt=\"\" class=\"wp-image-43304\"\/><\/figure>\n\n\n\n<figure class=\"wp-block-image\"><img alt=\"\"\/><\/figure>\n","protected":false},"excerpt":{"rendered":"<p>Comienzo de la Semana Santa La Iglesia Catedral de Mar del Plata, al igual que las distintas parroquias y capillas de la di\u00f3cesis, se vi\u00f3 colmada con la presencia de fieles que acudieron para celebrar el Domingo de Ramos, dando as\u00ed comienzo a la Semana Santa. El administrador apost\u00f3lico, monse\u00f1or Ernesto Giobando, presidi\u00f3 la Misa [&hellip;]<\/p>\n","protected":false},"author":4,"featured_media":0,"comment_status":"open","ping_status":"open","sticky":false,"template":"","format":"standard","meta":{"_et_pb_use_builder":"","_et_pb_old_content":"","_et_gb_content_width":""},"categories":[4],"tags":[],"aioseo_notices":[],"_links":{"self":[{"href":"https:\/\/www.obispado-mdp.org.ar\/a\/wp-json\/wp\/v2\/posts\/43295"}],"collection":[{"href":"https:\/\/www.obispado-mdp.org.ar\/a\/wp-json\/wp\/v2\/posts"}],"about":[{"href":"https:\/\/www.obispado-mdp.org.ar\/a\/wp-json\/wp\/v2\/types\/post"}],"author":[{"embeddable":true,"href":"https:\/\/www.obispado-mdp.org.ar\/a\/wp-json\/wp\/v2\/users\/4"}],"replies":[{"embeddable":true,"href":"https:\/\/www.obispado-mdp.org.ar\/a\/wp-json\/wp\/v2\/comments?post=43295"}],"version-history":[{"count":2,"href":"https:\/\/www.obispado-mdp.org.ar\/a\/wp-json\/wp\/v2\/posts\/43295\/revisions"}],"predecessor-version":[{"id":43308,"href":"https:\/\/www.obispado-mdp.org.ar\/a\/wp-json\/wp\/v2\/posts\/43295\/revisions\/43308"}],"wp:attachment":[{"href":"https:\/\/www.obispado-mdp.org.ar\/a\/wp-json\/wp\/v2\/media?parent=43295"}],"wp:term":[{"taxonomy":"category","embeddable":true,"href":"https:\/\/www.obispado-mdp.org.ar\/a\/wp-json\/wp\/v2\/categories?post=43295"},{"taxonomy":"post_tag","embeddable":true,"href":"https:\/\/www.obispado-mdp.org.ar\/a\/wp-json\/wp\/v2\/tags?post=43295"}],"curies":[{"name":"wp","href":"https:\/\/api.w.org\/{rel}","templated":true}]}}