{"id":43320,"date":"2024-03-25T22:52:50","date_gmt":"2024-03-26T01:52:50","guid":{"rendered":"https:\/\/www.obispado-mdp.org.ar\/a\/?p=43320"},"modified":"2024-03-25T22:52:52","modified_gmt":"2024-03-26T01:52:52","slug":"anunciacion-del-senor-fiestas-patronales-y-dia-del-nino-por-nacer","status":"publish","type":"post","link":"https:\/\/www.obispado-mdp.org.ar\/a\/anunciacion-del-senor-fiestas-patronales-y-dia-del-nino-por-nacer\/","title":{"rendered":"Anunciaci\u00f3n del Se\u00f1or: Fiestas Patronales y D\u00eda del Ni\u00f1o por nacer"},"content":{"rendered":"\n<p><\/p>\n\n\n\n<p>En el d\u00eda de la Solemnidad de la Anunciaci\u00f3n del Se\u00f1or, la capilla ubicada en Puan 8233 celebr\u00f3 sus fiestas patronales. El administrador apost\u00f3lico, monse\u00f1or Ernesto Giobando sj., acompa\u00f1\u00f3 la procesi\u00f3n por las calles del barrio y presidi\u00f3 la Eucarist\u00eda, que fue concelebrada por el cura p\u00e1rroco, presb\u00edtero Maximiliano Fr\u00edas Narv\u00e1ez.<\/p>\n\n\n\n<p>Coincidentemente con esa fiesta lit\u00fargica, en la Argentina y en otros pa\u00edses concurre el 25 de marzo una efem\u00e9ride civil, el D\u00eda del Ni\u00f1o por Nacer, que precisamente busca -seg\u00fan el decreto presidencial que lo instituy\u00f3- instar a la protecci\u00f3n \u201cde los derechos de la persona por nacer.\u201d<\/p>\n\n\n\n<p>Luego de la Misa, monse\u00f1or Giobando se reuni\u00f3 con la comisi\u00f3n de Ain Karem, organismo diocesano que busca promover y defender la vida del ni\u00f1o por nacer, a la vez que acompa\u00f1a a las madres desde su embarazo.<\/p>\n\n\n\n<figure class=\"wp-block-image size-large is-resized\"><img loading=\"lazy\" src=\"https:\/\/www.obispado-mdp.org.ar\/a\/wp-content\/uploads\/2024\/03\/IMG-20240325-WA0268-transformed-1024x768.jpeg\" alt=\"\" class=\"wp-image-43321\" width=\"390\" height=\"293\"\/><\/figure>\n\n\n\n<figure class=\"wp-block-image size-large\"><img loading=\"lazy\" width=\"768\" height=\"1024\" src=\"https:\/\/www.obispado-mdp.org.ar\/a\/wp-content\/uploads\/2024\/03\/IMG-20240325-WA0269-768x1024.jpg\" alt=\"\" class=\"wp-image-43322\"\/><\/figure>\n\n\n\n<figure class=\"wp-block-image size-large\"><img loading=\"lazy\" width=\"768\" height=\"1024\" src=\"https:\/\/www.obispado-mdp.org.ar\/a\/wp-content\/uploads\/2024\/03\/IMG-20240325-WA0266-768x1024.jpg\" alt=\"\" class=\"wp-image-43323\"\/><\/figure>\n","protected":false},"excerpt":{"rendered":"<p>En el d\u00eda de la Solemnidad de la Anunciaci\u00f3n del Se\u00f1or, la capilla ubicada en Puan 8233 celebr\u00f3 sus fiestas patronales. El administrador apost\u00f3lico, monse\u00f1or Ernesto Giobando sj., acompa\u00f1\u00f3 la procesi\u00f3n por las calles del barrio y presidi\u00f3 la Eucarist\u00eda, que fue concelebrada por el cura p\u00e1rroco, presb\u00edtero Maximiliano Fr\u00edas Narv\u00e1ez. Coincidentemente con esa fiesta [&hellip;]<\/p>\n","protected":false},"author":4,"featured_media":0,"comment_status":"open","ping_status":"open","sticky":false,"template":"","format":"standard","meta":{"_et_pb_use_builder":"","_et_pb_old_content":"","_et_gb_content_width":""},"categories":[4],"tags":[],"aioseo_notices":[],"_links":{"self":[{"href":"https:\/\/www.obispado-mdp.org.ar\/a\/wp-json\/wp\/v2\/posts\/43320"}],"collection":[{"href":"https:\/\/www.obispado-mdp.org.ar\/a\/wp-json\/wp\/v2\/posts"}],"about":[{"href":"https:\/\/www.obispado-mdp.org.ar\/a\/wp-json\/wp\/v2\/types\/post"}],"author":[{"embeddable":true,"href":"https:\/\/www.obispado-mdp.org.ar\/a\/wp-json\/wp\/v2\/users\/4"}],"replies":[{"embeddable":true,"href":"https:\/\/www.obispado-mdp.org.ar\/a\/wp-json\/wp\/v2\/comments?post=43320"}],"version-history":[{"count":1,"href":"https:\/\/www.obispado-mdp.org.ar\/a\/wp-json\/wp\/v2\/posts\/43320\/revisions"}],"predecessor-version":[{"id":43324,"href":"https:\/\/www.obispado-mdp.org.ar\/a\/wp-json\/wp\/v2\/posts\/43320\/revisions\/43324"}],"wp:attachment":[{"href":"https:\/\/www.obispado-mdp.org.ar\/a\/wp-json\/wp\/v2\/media?parent=43320"}],"wp:term":[{"taxonomy":"category","embeddable":true,"href":"https:\/\/www.obispado-mdp.org.ar\/a\/wp-json\/wp\/v2\/categories?post=43320"},{"taxonomy":"post_tag","embeddable":true,"href":"https:\/\/www.obispado-mdp.org.ar\/a\/wp-json\/wp\/v2\/tags?post=43320"}],"curies":[{"name":"wp","href":"https:\/\/api.w.org\/{rel}","templated":true}]}}