{"id":43331,"date":"2024-03-28T22:00:27","date_gmt":"2024-03-29T01:00:27","guid":{"rendered":"https:\/\/www.obispado-mdp.org.ar\/a\/?p=43331"},"modified":"2024-03-28T22:00:28","modified_gmt":"2024-03-29T01:00:28","slug":"jueves-santo-institucion-de-la-eucaristia-y-del-sacerdocio","status":"publish","type":"post","link":"https:\/\/www.obispado-mdp.org.ar\/a\/jueves-santo-institucion-de-la-eucaristia-y-del-sacerdocio\/","title":{"rendered":"Jueves Santo: Instituci\u00f3n de la Eucarist\u00eda y del Sacerdocio"},"content":{"rendered":"\n<p class=\"has-white-color has-pale-cyan-blue-background-color has-text-color has-background\"><strong>Santa Misa en la Iglesia Catedral<\/strong> <\/p>\n\n\n\n<p><\/p>\n\n\n\n<p>Iniciando el Triduo Pascual, el administrador apost\u00f3lico de nuestra di\u00f3cesis, monse\u00f1or Ernesto Giobando sj., presidi\u00f3 la Santa Misa en la Catedral de los Santos Pedro y Cecilia. All\u00ed realiz\u00f3 el rito del lavatorio de pies a doce laicos miembros del Consejo Pastoral, destacando as\u00ed la importancia de los v\u00ednculos de comuni\u00f3n eclesial.<\/p>\n\n\n\n<p>En la homil\u00eda, monse\u00f1or Giobando explic\u00f3 que \u201cla Misa del Jueves Santo nos ayuda a hacer memoria de la instituci\u00f3n de la Eucarist\u00eda por parte de Jes\u00fas en la \u00daltima Cena, como as\u00ed tambi\u00e9n del sacerdocio, ya que les dijo a sus ap\u00f3stoles: \u2018Hagan esto en memoria m\u00eda\u2019.\u201d<\/p>\n\n\n\n<p>Y continu\u00f3 \u201cen este contexto tambi\u00e9n Jes\u00fas realiz\u00f3 el signo del lavatorio de los pies, que es un signo de humildad en el servicio mutuo, y les dijo que hicieran este gesto unos a otros y en memoria suya.\u201d<\/p>\n\n\n\n<p>Asimismo destac\u00f3 que \u201cla Eucarist\u00eda y el lavatorio de los pies van juntos, ambos son hacer presente al Se\u00f1or, ambos son signos de comuni\u00f3n y servicio humilde, tan necesarios para la comunidad cristiana.\u201d<\/p>\n\n\n\n<p>\u201cY en este contexto de la \u00daltima Cena Jes\u00fas nos deja el mandamiento del amor: \u00ab\u00c1mense unos a otros como yo los he amado\u00bb, el amor cristiano es el amor hasta dar la vida en comuni\u00f3n y servicio\u201d, finaliz\u00f3.<\/p>\n\n\n\n<p>La Semana Santa en la Iglesia Catedral continuar\u00e1 con distintas celebraciones, destac\u00e1ndose el viernes la Liturgia de la Pasi\u00f3n del Se\u00f1or a las 15 horas, y el Via Crucis por las calles a las 20.<\/p>\n\n\n\n<p><\/p>\n\n\n\n<p> Finalmente el s\u00e1bado monse\u00f1or Giobando presidir\u00e1 la Vigilia Pascual a las 20 horas, mientras que el domingo de Pascua habr\u00e1 Misa en la Catedral a las 8, 9, 10, 11, 12, 18, 19 y 20 horas.&nbsp;<\/p>\n\n\n\n<figure class=\"wp-block-image size-large is-resized\"><img loading=\"lazy\" src=\"https:\/\/www.obispado-mdp.org.ar\/a\/wp-content\/uploads\/2024\/03\/IMG-20240328-WA0054-1024x768.jpg\" alt=\"\" class=\"wp-image-43336\" width=\"399\" height=\"300\"\/><\/figure>\n\n\n\n<figure class=\"wp-block-image size-large is-resized\"><img loading=\"lazy\" src=\"https:\/\/www.obispado-mdp.org.ar\/a\/wp-content\/uploads\/2024\/03\/IMG-20240328-WA0053-1024x768.jpg\" alt=\"\" class=\"wp-image-43337\" width=\"398\" height=\"299\"\/><\/figure>\n\n\n\n<figure class=\"wp-block-image size-large\"><img loading=\"lazy\" width=\"1024\" height=\"768\" src=\"https:\/\/www.obispado-mdp.org.ar\/a\/wp-content\/uploads\/2024\/03\/IMG-20240328-WA0052-1024x768.jpg\" alt=\"\" class=\"wp-image-43339\"\/><\/figure>\n","protected":false},"excerpt":{"rendered":"<p>Santa Misa en la Iglesia Catedral Iniciando el Triduo Pascual, el administrador apost\u00f3lico de nuestra di\u00f3cesis, monse\u00f1or Ernesto Giobando sj., presidi\u00f3 la Santa Misa en la Catedral de los Santos Pedro y Cecilia. All\u00ed realiz\u00f3 el rito del lavatorio de pies a doce laicos miembros del Consejo Pastoral, destacando as\u00ed la importancia de los v\u00ednculos [&hellip;]<\/p>\n","protected":false},"author":4,"featured_media":0,"comment_status":"open","ping_status":"open","sticky":false,"template":"","format":"standard","meta":{"_et_pb_use_builder":"","_et_pb_old_content":"","_et_gb_content_width":""},"categories":[4],"tags":[],"aioseo_notices":[],"_links":{"self":[{"href":"https:\/\/www.obispado-mdp.org.ar\/a\/wp-json\/wp\/v2\/posts\/43331"}],"collection":[{"href":"https:\/\/www.obispado-mdp.org.ar\/a\/wp-json\/wp\/v2\/posts"}],"about":[{"href":"https:\/\/www.obispado-mdp.org.ar\/a\/wp-json\/wp\/v2\/types\/post"}],"author":[{"embeddable":true,"href":"https:\/\/www.obispado-mdp.org.ar\/a\/wp-json\/wp\/v2\/users\/4"}],"replies":[{"embeddable":true,"href":"https:\/\/www.obispado-mdp.org.ar\/a\/wp-json\/wp\/v2\/comments?post=43331"}],"version-history":[{"count":5,"href":"https:\/\/www.obispado-mdp.org.ar\/a\/wp-json\/wp\/v2\/posts\/43331\/revisions"}],"predecessor-version":[{"id":43340,"href":"https:\/\/www.obispado-mdp.org.ar\/a\/wp-json\/wp\/v2\/posts\/43331\/revisions\/43340"}],"wp:attachment":[{"href":"https:\/\/www.obispado-mdp.org.ar\/a\/wp-json\/wp\/v2\/media?parent=43331"}],"wp:term":[{"taxonomy":"category","embeddable":true,"href":"https:\/\/www.obispado-mdp.org.ar\/a\/wp-json\/wp\/v2\/categories?post=43331"},{"taxonomy":"post_tag","embeddable":true,"href":"https:\/\/www.obispado-mdp.org.ar\/a\/wp-json\/wp\/v2\/tags?post=43331"}],"curies":[{"name":"wp","href":"https:\/\/api.w.org\/{rel}","templated":true}]}}