{"id":43361,"date":"2024-03-30T22:19:04","date_gmt":"2024-03-31T01:19:04","guid":{"rendered":"https:\/\/www.obispado-mdp.org.ar\/a\/?p=43361"},"modified":"2024-03-30T22:19:05","modified_gmt":"2024-03-31T01:19:05","slug":"quien-nos-correra-la-piedra","status":"publish","type":"post","link":"https:\/\/www.obispado-mdp.org.ar\/a\/quien-nos-correra-la-piedra\/","title":{"rendered":"\u201c\u00bfQui\u00e9n nos correr\u00e1 la piedra?\u201d"},"content":{"rendered":"\n<p class=\"has-white-color has-pale-cyan-blue-background-color has-text-color has-background\"><strong>Homil\u00eda de la Vigilia Pascual, Catedral de Mar del Plata, 30 de marzo de 2024.<\/strong><\/p>\n\n\n\n<p>En esta Pascua de Resurrecci\u00f3n celebramos la victoria de Jesucristo sobre la muerte, devolviendo a la creatura amada por Dios, desde el principio de la creaci\u00f3n, la condici\u00f3n filial, condici\u00f3n perdida por el pecado y devuelta por Jes\u00fas a trav\u00e9s de su muerte y resurrecci\u00f3n: somos hijos e hijas amados de Dios y en la resurrecci\u00f3n de Jes\u00fas se revela lo que somos y seremos: seres vivos para siempre si tenemos fe en \u00c9l.<\/p>\n\n\n\n<p>En el Evangelio de esta Santa Noche de Pascua, precedido por todas las lecturas del Antiguo y Nuevo Testamento, profec\u00edas de lo que iba a acontecer y reflexi\u00f3n de lo acontecido, nos llevan al sepulcro donde las mujeres se dirigen a ungir el cuerpo de Jes\u00fas, y mientras van de camino se preguntan: \u201c\u00bfQui\u00e9n nos correr\u00e1 la piedra?\u201d.&nbsp;<\/p>\n\n\n\n<p>Una pregunta que nos podemos hacer hoy nosotros, en esta noche. Hay muchas piedras en el camino, algunas son f\u00e1ciles de correr, otras parecen puestas all\u00ed y son muy dif\u00edciles de mover. No se trata de piedras materiales, sino de aquellos obst\u00e1culos y dificultades que est\u00e1n delante nuestro y que nadie puede mover, o nos da la impresi\u00f3n que nadie mover\u00e1, ni siquiera con nuestras m\u00e1s buenas intenciones. Y no preguntamos:<\/p>\n\n\n\n<p>\u00bfQui\u00e9n nos correr\u00e1 la piedra de la falta de fe?<\/p>\n\n\n\n<p>\u00bfQui\u00e9n nos correr\u00e1 la piedra del ego\u00edsmo?&nbsp;<\/p>\n\n\n\n<p>\u00bfQui\u00e9n nos correr\u00e1 la piedra que aprisiona la esperanza?&nbsp;<\/p>\n\n\n\n<p>\u00bfQui\u00e9n nos correr\u00e1 la piedra que impide tantas muestras de ternura?&nbsp;<\/p>\n\n\n\n<p>\u00bfQui\u00e9n nos correr\u00e1 la piedra de la falta de di\u00e1logo en nuestras familias?<\/p>\n\n\n\n<p>\u00bfQui\u00e9n nos correr\u00e1 la piedra del apuro para dar lugar al sosiego?&nbsp;<\/p>\n\n\n\n<p>\u00bfQui\u00e9n nos correr\u00e1 la piedra de la injusticia que deja a tanta gente al borde y afuera del camino?<\/p>\n\n\n\n<p>\u00bfQui\u00e9n nos correr\u00e1 la piedra de la impunidad que nos hace sentir exiliados en nuestra propia tierra?&nbsp;<\/p>\n\n\n\n<p>\u00bfQui\u00e9n nos correr\u00e1 la piedra de la inseguridad y la violencia que nos lleva a vivir enfrentados y temerosos entre hermanos?<\/p>\n\n\n\n<p>\u00bfQui\u00e9n nos correr\u00e1 la piedra que aprisiona tantas ilusiones que hacen que busquemos afuera lo que no podemos encontrar adentro?<\/p>\n\n\n\n<p>Parece que la esperanza se ha escapado, que ya no tenemos salida m\u00e1s que el sepulcro con su piedra atada por siete zunchos. Pero estas mujeres llevan en su coraz\u00f3n una velita encendida, no se dan por vencidas, como tantas mujeres que luchan hasta el \u00faltimo instante por recuperar lo que aman. Y llevan el aceite de la unci\u00f3n, saben que ese cuerpo estuvo desgarrado, herido, golpeado, deshecho, atravesado por los clavos y la lanza, igualmente van a ungirlo porque saben que es el cuerpo sagrado, bendito, inmaculado. Ante la pregunta \u201c\u00bfQui\u00e9n nos correr\u00e1 la piedra? Pero al mirar, vieron que la piedra hab\u00eda sido corrida, era una piedra muy grande\u201d, nos dice el Evangelio.<\/p>\n\n\n\n<p>Y esa piedra fue corrida por el poder del Esp\u00edritu Santo, por el poder de Dios que es el Dios de la Vida. Y adentro del sepulcro con la piedra corrida se escucha la voz del joven vestido con una t\u00fanica blanca: \u201cNo teman. Ustedes buscan a Jes\u00fas de Nazaret, el Crucificado. Ha resucitado, no est\u00e1 aqu\u00ed\u2026vayan a decirles a los disc\u00edpulos y a Pedro que \u00c9l ir\u00e1 antes que ustedes a Galilea; all\u00ed lo ver\u00e1n\u2026\u201d.<\/p>\n\n\n\n<p>\u00a1Ha resucitado! Es el gran anuncio de esta noche santa y solemne, es el gran anuncio de la Iglesia: \u00a1ha resucitado! Jes\u00fas no est\u00e1 muerto, vive. Y nosotros no moriremos para siempre, sino que resucitaremos con \u00c9l. No hay piedra invencible de correr para quienes tenemos puesta la esperanza en \u00c9l. Que as\u00ed sea. Am\u00e9n.<\/p>\n\n\n\n<figure class=\"wp-block-image size-large is-resized\"><img loading=\"lazy\" src=\"https:\/\/www.obispado-mdp.org.ar\/a\/wp-content\/uploads\/2024\/03\/IMG-20240330-WA0043-1024x768.jpg\" alt=\"\" class=\"wp-image-43362\" width=\"397\" height=\"296\"\/><\/figure>\n\n\n\n<figure class=\"wp-block-image size-large is-resized\"><img loading=\"lazy\" src=\"https:\/\/www.obispado-mdp.org.ar\/a\/wp-content\/uploads\/2024\/03\/IMG-20240330-WA0042-1024x768.jpg\" alt=\"\" class=\"wp-image-43363\" width=\"396\" height=\"297\"\/><\/figure>\n\n\n\n<figure class=\"wp-block-image size-large is-resized\"><img loading=\"lazy\" src=\"https:\/\/www.obispado-mdp.org.ar\/a\/wp-content\/uploads\/2024\/03\/IMG-20240330-WA0039-1024x768.jpg\" alt=\"\" class=\"wp-image-43364\" width=\"398\" height=\"299\"\/><\/figure>\n","protected":false},"excerpt":{"rendered":"<p>Homil\u00eda de la Vigilia Pascual, Catedral de Mar del Plata, 30 de marzo de 2024. En esta Pascua de Resurrecci\u00f3n celebramos la victoria de Jesucristo sobre la muerte, devolviendo a la creatura amada por Dios, desde el principio de la creaci\u00f3n, la condici\u00f3n filial, condici\u00f3n perdida por el pecado y devuelta por Jes\u00fas a trav\u00e9s [&hellip;]<\/p>\n","protected":false},"author":4,"featured_media":0,"comment_status":"open","ping_status":"open","sticky":false,"template":"","format":"standard","meta":{"_et_pb_use_builder":"","_et_pb_old_content":"","_et_gb_content_width":""},"categories":[4],"tags":[],"aioseo_notices":[],"_links":{"self":[{"href":"https:\/\/www.obispado-mdp.org.ar\/a\/wp-json\/wp\/v2\/posts\/43361"}],"collection":[{"href":"https:\/\/www.obispado-mdp.org.ar\/a\/wp-json\/wp\/v2\/posts"}],"about":[{"href":"https:\/\/www.obispado-mdp.org.ar\/a\/wp-json\/wp\/v2\/types\/post"}],"author":[{"embeddable":true,"href":"https:\/\/www.obispado-mdp.org.ar\/a\/wp-json\/wp\/v2\/users\/4"}],"replies":[{"embeddable":true,"href":"https:\/\/www.obispado-mdp.org.ar\/a\/wp-json\/wp\/v2\/comments?post=43361"}],"version-history":[{"count":1,"href":"https:\/\/www.obispado-mdp.org.ar\/a\/wp-json\/wp\/v2\/posts\/43361\/revisions"}],"predecessor-version":[{"id":43365,"href":"https:\/\/www.obispado-mdp.org.ar\/a\/wp-json\/wp\/v2\/posts\/43361\/revisions\/43365"}],"wp:attachment":[{"href":"https:\/\/www.obispado-mdp.org.ar\/a\/wp-json\/wp\/v2\/media?parent=43361"}],"wp:term":[{"taxonomy":"category","embeddable":true,"href":"https:\/\/www.obispado-mdp.org.ar\/a\/wp-json\/wp\/v2\/categories?post=43361"},{"taxonomy":"post_tag","embeddable":true,"href":"https:\/\/www.obispado-mdp.org.ar\/a\/wp-json\/wp\/v2\/tags?post=43361"}],"curies":[{"name":"wp","href":"https:\/\/api.w.org\/{rel}","templated":true}]}}