{"id":43379,"date":"2024-06-02T18:30:00","date_gmt":"2024-06-02T21:30:00","guid":{"rendered":"https:\/\/www.obispado-mdp.org.ar\/a\/?p=43379"},"modified":"2024-04-03T16:51:37","modified_gmt":"2024-04-03T19:51:37","slug":"evangelio-segun-marcos-121-12","status":"publish","type":"post","link":"https:\/\/www.obispado-mdp.org.ar\/a\/evangelio-segun-marcos-121-12\/","title":{"rendered":"Evangelio seg\u00fan\u00a0San Marcos\u00a012,1-12."},"content":{"rendered":"\n<p>Jes\u00fas se puso a hablarles en par\u00e1bolas: \u00abUn hombre plant\u00f3 una vi\u00f1a, la cerc\u00f3, cav\u00f3 un lagar y construy\u00f3 una torre de vigilancia. Despu\u00e9s la arrend\u00f3 a unos vi\u00f1adores y se fue al extranjero.<br>A su debido tiempo, envi\u00f3 a un servidor para percibir de los vi\u00f1adores la parte de los frutos que le correspond\u00eda.<br>Pero ellos lo tomaron, lo golpearon y lo echaron con las manos vac\u00edas.<br>De nuevo les envi\u00f3 a otro servidor, y a este tambi\u00e9n lo maltrataron y lo llenaron de ultrajes.<br>Envi\u00f3 a un tercero, y a este lo mataron. Y tambi\u00e9n golpearon o mataron a muchos otros.<br>Todav\u00eda le quedaba alguien, su hijo, a quien quer\u00eda mucho, y lo mand\u00f3 en \u00faltimo t\u00e9rmino, pensando: &#8216;Respetar\u00e1n a mi hijo&#8217;.<br>Pero los vi\u00f1adores se dijeron: &#8216;Este es el heredero: vamos a matarlo y la herencia ser\u00e1 nuestra&#8217;.<br>Y apoder\u00e1ndose de \u00e9l, lo mataron y lo arrojaron fuera de la vi\u00f1a.<br>\u00bfQu\u00e9 har\u00e1 el due\u00f1o de la vi\u00f1a? Vendr\u00e1, acabar\u00e1 con los vi\u00f1adores y entregar\u00e1 la vi\u00f1a a otros.<br>\u00bfNo han le\u00eddo este pasaje de la Escritura: La piedra que los constructores rechazaron ha llegado a ser la piedra angular:<br>esta es la obra del Se\u00f1or, admirable a nuestros ojos?\u00bb.<br>Entonces buscaban la manera de detener a Jes\u00fas, porque comprend\u00edan que esta par\u00e1bola la hab\u00eda dicho por ellos, pero ten\u00edan miedo de la multitud. Y dej\u00e1ndolo, se fueron.<\/p>\n\n\n\n<p class=\"has-text-align-right\"><em>Extra\u00eddo de la Biblia: Libro del Pueblo de Dios. <\/em><\/p>\n","protected":false},"excerpt":{"rendered":"<p>Jes\u00fas se puso a hablarles en par\u00e1bolas: \u00abUn hombre plant\u00f3 una vi\u00f1a, la cerc\u00f3, cav\u00f3 un lagar y construy\u00f3 una torre de vigilancia. Despu\u00e9s la arrend\u00f3 a unos vi\u00f1adores y se fue al extranjero.A su debido tiempo, envi\u00f3 a un servidor para percibir de los vi\u00f1adores la parte de los frutos que le correspond\u00eda.Pero ellos [&hellip;]<\/p>\n","protected":false},"author":3,"featured_media":31451,"comment_status":"open","ping_status":"closed","sticky":false,"template":"","format":"standard","meta":{"_et_pb_use_builder":"off","_et_pb_old_content":"<!-- wp:paragraph -->\n<p> Al atardecer de ese mismo d\u00eda, el primero de la semana, estando cerradas las puertas del lugar donde se encontraban los disc\u00edpulos, por temor a los jud\u00edos, lleg\u00f3 Jes\u00fas y poni\u00e9ndose en medio de ellos, les dijo: \"\u00a1La paz est\u00e9 con ustedes!\".<br>Mientras dec\u00eda esto, les mostr\u00f3 sus manos y su costado. Los disc\u00edpulos se llenaron de alegr\u00eda cuando vieron al Se\u00f1or.<br>Jes\u00fas les dijo de nuevo: \"\u00a1La paz est\u00e9 con ustedes! Como el Padre me envi\u00f3 a m\u00ed, yo tambi\u00e9n los env\u00edo a ustedes\".<br>Al decirles esto, sopl\u00f3 sobre ellos y a\u00f1adi\u00f3: \"Reciban el Esp\u00edritu Santo.<br>Los pecados ser\u00e1n perdonados a los que ustedes se los perdonen, y ser\u00e1n retenidos a los que ustedes se los retengan\". <\/p>\n<!-- \/wp:paragraph -->\n\n<!-- wp:paragraph {\"align\":\"right\"} -->\n<p class=\"has-text-align-right\"><em>Extra\u00eddo de la Biblia: Libro del Pueblo de Dios. <\/em><\/p>\n<!-- \/wp:paragraph -->","_et_gb_content_width":""},"categories":[6],"tags":[],"aioseo_notices":[],"_links":{"self":[{"href":"https:\/\/www.obispado-mdp.org.ar\/a\/wp-json\/wp\/v2\/posts\/43379"}],"collection":[{"href":"https:\/\/www.obispado-mdp.org.ar\/a\/wp-json\/wp\/v2\/posts"}],"about":[{"href":"https:\/\/www.obispado-mdp.org.ar\/a\/wp-json\/wp\/v2\/types\/post"}],"author":[{"embeddable":true,"href":"https:\/\/www.obispado-mdp.org.ar\/a\/wp-json\/wp\/v2\/users\/3"}],"replies":[{"embeddable":true,"href":"https:\/\/www.obispado-mdp.org.ar\/a\/wp-json\/wp\/v2\/comments?post=43379"}],"version-history":[{"count":2,"href":"https:\/\/www.obispado-mdp.org.ar\/a\/wp-json\/wp\/v2\/posts\/43379\/revisions"}],"predecessor-version":[{"id":43449,"href":"https:\/\/www.obispado-mdp.org.ar\/a\/wp-json\/wp\/v2\/posts\/43379\/revisions\/43449"}],"wp:featuredmedia":[{"embeddable":true,"href":"https:\/\/www.obispado-mdp.org.ar\/a\/wp-json\/wp\/v2\/media\/31451"}],"wp:attachment":[{"href":"https:\/\/www.obispado-mdp.org.ar\/a\/wp-json\/wp\/v2\/media?parent=43379"}],"wp:term":[{"taxonomy":"category","embeddable":true,"href":"https:\/\/www.obispado-mdp.org.ar\/a\/wp-json\/wp\/v2\/categories?post=43379"},{"taxonomy":"post_tag","embeddable":true,"href":"https:\/\/www.obispado-mdp.org.ar\/a\/wp-json\/wp\/v2\/tags?post=43379"}],"curies":[{"name":"wp","href":"https:\/\/api.w.org\/{rel}","templated":true}]}}