{"id":43381,"date":"2024-06-03T18:30:00","date_gmt":"2024-06-03T21:30:00","guid":{"rendered":"https:\/\/www.obispado-mdp.org.ar\/a\/?p=43381"},"modified":"2024-04-03T16:51:19","modified_gmt":"2024-04-03T19:51:19","slug":"evangelio-segun-marcos-1213-17","status":"publish","type":"post","link":"https:\/\/www.obispado-mdp.org.ar\/a\/evangelio-segun-marcos-1213-17\/","title":{"rendered":"Evangelio seg\u00fan\u00a0San Marcos\u00a012,13-17."},"content":{"rendered":"\n<p>Le enviaron despu\u00e9s a unos fariseos y herodianos para sorprenderlo en alguna de sus afirmaciones.<br>Ellos fueron y le dijeron: \u00abMaestro, sabemos que eres sincero y no tienes en cuenta la condici\u00f3n de las personas, porque no te fijas en la categor\u00eda de nadie, sino que ense\u00f1as con toda fidelidad el camino de Dios. \u00bfEst\u00e1 permitido pagar el impuesto al C\u00e9sar o no? \u00bfDebemos pagarla o no?\u00bb.<br>Pero \u00e9l, conociendo su hipocres\u00eda, les dijo: \u00ab\u00bfPor qu\u00e9 me tienden una trampa? Mu\u00e9strenme un denario\u00bb.<br>Cuando se lo mostraron, pregunt\u00f3: \u00ab\u00bfDe qui\u00e9n es esta figura y esta inscripci\u00f3n?\u00bb. Respondieron: \u00abDel C\u00e9sar\u00bb.<br>Entonces Jes\u00fas les dijo: \u00abDen al C\u00e9sar lo que es del C\u00e9sar, y a Dios, lo que es de Dios\u00bb. Y ellos quedaron sorprendidos por la respuesta.<\/p>\n\n\n\n<p class=\"has-text-align-right\"><em>Extra\u00eddo de la Biblia: Libro del Pueblo de Dios. <\/em><\/p>\n","protected":false},"excerpt":{"rendered":"<p>Le enviaron despu\u00e9s a unos fariseos y herodianos para sorprenderlo en alguna de sus afirmaciones.Ellos fueron y le dijeron: \u00abMaestro, sabemos que eres sincero y no tienes en cuenta la condici\u00f3n de las personas, porque no te fijas en la categor\u00eda de nadie, sino que ense\u00f1as con toda fidelidad el camino de Dios. \u00bfEst\u00e1 permitido [&hellip;]<\/p>\n","protected":false},"author":3,"featured_media":31452,"comment_status":"open","ping_status":"closed","sticky":false,"template":"","format":"standard","meta":{"_et_pb_use_builder":"off","_et_pb_old_content":"<!-- wp:paragraph -->\n<p> Al atardecer de ese mismo d\u00eda, el primero de la semana, estando cerradas las puertas del lugar donde se encontraban los disc\u00edpulos, por temor a los jud\u00edos, lleg\u00f3 Jes\u00fas y poni\u00e9ndose en medio de ellos, les dijo: \"\u00a1La paz est\u00e9 con ustedes!\".<br>Mientras dec\u00eda esto, les mostr\u00f3 sus manos y su costado. Los disc\u00edpulos se llenaron de alegr\u00eda cuando vieron al Se\u00f1or.<br>Jes\u00fas les dijo de nuevo: \"\u00a1La paz est\u00e9 con ustedes! Como el Padre me envi\u00f3 a m\u00ed, yo tambi\u00e9n los env\u00edo a ustedes\".<br>Al decirles esto, sopl\u00f3 sobre ellos y a\u00f1adi\u00f3: \"Reciban el Esp\u00edritu Santo.<br>Los pecados ser\u00e1n perdonados a los que ustedes se los perdonen, y ser\u00e1n retenidos a los que ustedes se los retengan\". <\/p>\n<!-- \/wp:paragraph -->\n\n<!-- wp:paragraph {\"align\":\"right\"} -->\n<p class=\"has-text-align-right\"><em>Extra\u00eddo de la Biblia: Libro del Pueblo de Dios. <\/em><\/p>\n<!-- \/wp:paragraph -->","_et_gb_content_width":""},"categories":[6],"tags":[],"aioseo_notices":[],"_links":{"self":[{"href":"https:\/\/www.obispado-mdp.org.ar\/a\/wp-json\/wp\/v2\/posts\/43381"}],"collection":[{"href":"https:\/\/www.obispado-mdp.org.ar\/a\/wp-json\/wp\/v2\/posts"}],"about":[{"href":"https:\/\/www.obispado-mdp.org.ar\/a\/wp-json\/wp\/v2\/types\/post"}],"author":[{"embeddable":true,"href":"https:\/\/www.obispado-mdp.org.ar\/a\/wp-json\/wp\/v2\/users\/3"}],"replies":[{"embeddable":true,"href":"https:\/\/www.obispado-mdp.org.ar\/a\/wp-json\/wp\/v2\/comments?post=43381"}],"version-history":[{"count":2,"href":"https:\/\/www.obispado-mdp.org.ar\/a\/wp-json\/wp\/v2\/posts\/43381\/revisions"}],"predecessor-version":[{"id":43448,"href":"https:\/\/www.obispado-mdp.org.ar\/a\/wp-json\/wp\/v2\/posts\/43381\/revisions\/43448"}],"wp:featuredmedia":[{"embeddable":true,"href":"https:\/\/www.obispado-mdp.org.ar\/a\/wp-json\/wp\/v2\/media\/31452"}],"wp:attachment":[{"href":"https:\/\/www.obispado-mdp.org.ar\/a\/wp-json\/wp\/v2\/media?parent=43381"}],"wp:term":[{"taxonomy":"category","embeddable":true,"href":"https:\/\/www.obispado-mdp.org.ar\/a\/wp-json\/wp\/v2\/categories?post=43381"},{"taxonomy":"post_tag","embeddable":true,"href":"https:\/\/www.obispado-mdp.org.ar\/a\/wp-json\/wp\/v2\/tags?post=43381"}],"curies":[{"name":"wp","href":"https:\/\/api.w.org\/{rel}","templated":true}]}}