{"id":43391,"date":"2024-06-08T18:30:00","date_gmt":"2024-06-08T21:30:00","guid":{"rendered":"https:\/\/www.obispado-mdp.org.ar\/a\/?p=43391"},"modified":"2024-04-03T16:50:02","modified_gmt":"2024-04-03T19:50:02","slug":"evangelio-segun-marcos-320-35","status":"publish","type":"post","link":"https:\/\/www.obispado-mdp.org.ar\/a\/evangelio-segun-marcos-320-35\/","title":{"rendered":"Evangelio seg\u00fan\u00a0San Marcos\u00a03,20-35."},"content":{"rendered":"\n<p>Jes\u00fas regres\u00f3 a la casa, y de nuevo se junt\u00f3 tanta gente que ni siquiera pod\u00edan comer.<br>Cuando sus parientes se enteraron, salieron para llev\u00e1rselo, porque dec\u00edan: \u00abEs un exaltado\u00bb.<br>Los escribas que hab\u00edan venido de Jerusal\u00e9n dec\u00edan: \u00abEst\u00e1 pose\u00eddo por Belzebul y expulsa a los demonios por el poder del Pr\u00edncipe de los Demonios\u00bb.<br>Jes\u00fas los llam\u00f3 y por medio de comparaciones les explic\u00f3: \u00ab\u00bfC\u00f3mo Satan\u00e1s va a expulsar a Satan\u00e1s?<br>Un reino donde hay luchas internas no puede subsistir.<br>Y una familia dividida tampoco puede subsistir.<br>Por lo tanto, si Satan\u00e1s se dividi\u00f3, levant\u00e1ndose contra s\u00ed mismo, ya no puede subsistir, sino que ha llegado a su fin.<br>Pero nadie puede entrar en la casa de un hombre fuerte y saquear sus bienes, si primero no lo ata. S\u00f3lo as\u00ed podr\u00e1 saquear la casa.<br>Les aseguro que todo ser\u00e1 perdonado a los hombres: todos los pecados y cualquier blasfemia que profieran.<br>Pero el que blasfeme contra el Esp\u00edritu Santo, no tendr\u00e1 perd\u00f3n jam\u00e1s: es culpable de pecado para siempre\u00bb.<br>Jes\u00fas dijo esto porque ellos dec\u00edan: \u00abEst\u00e1 pose\u00eddo por un esp\u00edritu impuro\u00bb.<br>Entonces llegaron su madre y sus hermanos y, qued\u00e1ndose afuera, lo mandaron llamar.<br>La multitud estaba sentada alrededor de Jes\u00fas, y le dijeron: \u00abTu madre y tus hermanos te buscan ah\u00ed afuera\u00bb.<br>El les respondi\u00f3: \u00ab\u00bfQui\u00e9n es mi madre y qui\u00e9nes son mis hermanos?\u00bb.<br>Y dirigiendo su mirada sobre los que estaban sentados alrededor de \u00e9l, dijo: \u00abEstos son mi madre y mis hermanos.<br>Porque el que hace la voluntad de Dios, ese es mi hermano, mi hermana y mi madre\u00bb.<\/p>\n\n\n\n<p class=\"has-text-align-right\"><em>Extra\u00eddo de la Biblia: Libro del Pueblo de Dios. <\/em><\/p>\n","protected":false},"excerpt":{"rendered":"<p>Jes\u00fas regres\u00f3 a la casa, y de nuevo se junt\u00f3 tanta gente que ni siquiera pod\u00edan comer.Cuando sus parientes se enteraron, salieron para llev\u00e1rselo, porque dec\u00edan: \u00abEs un exaltado\u00bb.Los escribas que hab\u00edan venido de Jerusal\u00e9n dec\u00edan: \u00abEst\u00e1 pose\u00eddo por Belzebul y expulsa a los demonios por el poder del Pr\u00edncipe de los Demonios\u00bb.Jes\u00fas los llam\u00f3 [&hellip;]<\/p>\n","protected":false},"author":3,"featured_media":31456,"comment_status":"open","ping_status":"closed","sticky":false,"template":"","format":"standard","meta":{"_et_pb_use_builder":"off","_et_pb_old_content":"<!-- wp:paragraph -->\n<p> Al atardecer de ese mismo d\u00eda, el primero de la semana, estando cerradas las puertas del lugar donde se encontraban los disc\u00edpulos, por temor a los jud\u00edos, lleg\u00f3 Jes\u00fas y poni\u00e9ndose en medio de ellos, les dijo: \"\u00a1La paz est\u00e9 con ustedes!\".<br>Mientras dec\u00eda esto, les mostr\u00f3 sus manos y su costado. Los disc\u00edpulos se llenaron de alegr\u00eda cuando vieron al Se\u00f1or.<br>Jes\u00fas les dijo de nuevo: \"\u00a1La paz est\u00e9 con ustedes! Como el Padre me envi\u00f3 a m\u00ed, yo tambi\u00e9n los env\u00edo a ustedes\".<br>Al decirles esto, sopl\u00f3 sobre ellos y a\u00f1adi\u00f3: \"Reciban el Esp\u00edritu Santo.<br>Los pecados ser\u00e1n perdonados a los que ustedes se los perdonen, y ser\u00e1n retenidos a los que ustedes se los retengan\". <\/p>\n<!-- \/wp:paragraph -->\n\n<!-- wp:paragraph {\"align\":\"right\"} -->\n<p class=\"has-text-align-right\"><em>Extra\u00eddo de la Biblia: Libro del Pueblo de Dios. <\/em><\/p>\n<!-- \/wp:paragraph -->","_et_gb_content_width":""},"categories":[6],"tags":[],"aioseo_notices":[],"_links":{"self":[{"href":"https:\/\/www.obispado-mdp.org.ar\/a\/wp-json\/wp\/v2\/posts\/43391"}],"collection":[{"href":"https:\/\/www.obispado-mdp.org.ar\/a\/wp-json\/wp\/v2\/posts"}],"about":[{"href":"https:\/\/www.obispado-mdp.org.ar\/a\/wp-json\/wp\/v2\/types\/post"}],"author":[{"embeddable":true,"href":"https:\/\/www.obispado-mdp.org.ar\/a\/wp-json\/wp\/v2\/users\/3"}],"replies":[{"embeddable":true,"href":"https:\/\/www.obispado-mdp.org.ar\/a\/wp-json\/wp\/v2\/comments?post=43391"}],"version-history":[{"count":2,"href":"https:\/\/www.obispado-mdp.org.ar\/a\/wp-json\/wp\/v2\/posts\/43391\/revisions"}],"predecessor-version":[{"id":43443,"href":"https:\/\/www.obispado-mdp.org.ar\/a\/wp-json\/wp\/v2\/posts\/43391\/revisions\/43443"}],"wp:featuredmedia":[{"embeddable":true,"href":"https:\/\/www.obispado-mdp.org.ar\/a\/wp-json\/wp\/v2\/media\/31456"}],"wp:attachment":[{"href":"https:\/\/www.obispado-mdp.org.ar\/a\/wp-json\/wp\/v2\/media?parent=43391"}],"wp:term":[{"taxonomy":"category","embeddable":true,"href":"https:\/\/www.obispado-mdp.org.ar\/a\/wp-json\/wp\/v2\/categories?post=43391"},{"taxonomy":"post_tag","embeddable":true,"href":"https:\/\/www.obispado-mdp.org.ar\/a\/wp-json\/wp\/v2\/tags?post=43391"}],"curies":[{"name":"wp","href":"https:\/\/api.w.org\/{rel}","templated":true}]}}