{"id":43393,"date":"2024-06-09T18:30:00","date_gmt":"2024-06-09T21:30:00","guid":{"rendered":"https:\/\/www.obispado-mdp.org.ar\/a\/?p=43393"},"modified":"2024-04-03T16:49:45","modified_gmt":"2024-04-03T19:49:45","slug":"evangelio-segun-mateo-51-12","status":"publish","type":"post","link":"https:\/\/www.obispado-mdp.org.ar\/a\/evangelio-segun-mateo-51-12\/","title":{"rendered":"Evangelio seg\u00fan\u00a0San Mateo\u00a05,1-12."},"content":{"rendered":"\n<p>Al ver a la multitud, Jes\u00fas subi\u00f3 a la monta\u00f1a, se sent\u00f3, y sus disc\u00edpulos se acercaron a \u00e9l.<br>Entonces tom\u00f3 la palabra y comenz\u00f3 a ense\u00f1arles, diciendo:<br>\u00abFelices los que tienen alma de pobres, porque a ellos les pertenece el Reino de los Cielos.<br>Felices los pacientes, porque recibir\u00e1n la tierra en herencia.<br>Felices los afligidos, porque ser\u00e1n consolados.<br>Felices los que tienen hambre y sed de justicia, porque ser\u00e1n saciados.<br>Felices los misericordiosos, porque obtendr\u00e1n misericordia.<br>Felices los que tienen el coraz\u00f3n puro, porque ver\u00e1n a Dios.<br>Felices los que trabajan por la paz, porque ser\u00e1n llamados hijos de Dios.<br>Felices los que son perseguidos por practicar la justicia, porque a ellos les pertenece el Reino de los Cielos.<br>Felices ustedes, cuando sean insultados y perseguidos, y cuando se los calumnie en toda forma a causa de m\u00ed.<br>Al\u00e9grense y regoc\u00edjense entonces, porque ustedes tendr\u00e1n una gran recompensa en el cielo; de la misma manera persiguieron a los profetas que los precedieron.\u00bb<\/p>\n\n\n\n<p class=\"has-text-align-right\"><em>Extra\u00eddo de la Biblia: Libro del Pueblo de Dios. <\/em><\/p>\n","protected":false},"excerpt":{"rendered":"<p>Al ver a la multitud, Jes\u00fas subi\u00f3 a la monta\u00f1a, se sent\u00f3, y sus disc\u00edpulos se acercaron a \u00e9l.Entonces tom\u00f3 la palabra y comenz\u00f3 a ense\u00f1arles, diciendo:\u00abFelices los que tienen alma de pobres, porque a ellos les pertenece el Reino de los Cielos.Felices los pacientes, porque recibir\u00e1n la tierra en herencia.Felices los afligidos, porque ser\u00e1n [&hellip;]<\/p>\n","protected":false},"author":3,"featured_media":31451,"comment_status":"open","ping_status":"closed","sticky":false,"template":"","format":"standard","meta":{"_et_pb_use_builder":"off","_et_pb_old_content":"<!-- wp:paragraph -->\n<p> Al atardecer de ese mismo d\u00eda, el primero de la semana, estando cerradas las puertas del lugar donde se encontraban los disc\u00edpulos, por temor a los jud\u00edos, lleg\u00f3 Jes\u00fas y poni\u00e9ndose en medio de ellos, les dijo: \"\u00a1La paz est\u00e9 con ustedes!\".<br>Mientras dec\u00eda esto, les mostr\u00f3 sus manos y su costado. Los disc\u00edpulos se llenaron de alegr\u00eda cuando vieron al Se\u00f1or.<br>Jes\u00fas les dijo de nuevo: \"\u00a1La paz est\u00e9 con ustedes! Como el Padre me envi\u00f3 a m\u00ed, yo tambi\u00e9n los env\u00edo a ustedes\".<br>Al decirles esto, sopl\u00f3 sobre ellos y a\u00f1adi\u00f3: \"Reciban el Esp\u00edritu Santo.<br>Los pecados ser\u00e1n perdonados a los que ustedes se los perdonen, y ser\u00e1n retenidos a los que ustedes se los retengan\". <\/p>\n<!-- \/wp:paragraph -->\n\n<!-- wp:paragraph {\"align\":\"right\"} -->\n<p class=\"has-text-align-right\"><em>Extra\u00eddo de la Biblia: Libro del Pueblo de Dios. <\/em><\/p>\n<!-- \/wp:paragraph -->","_et_gb_content_width":""},"categories":[6],"tags":[],"aioseo_notices":[],"_links":{"self":[{"href":"https:\/\/www.obispado-mdp.org.ar\/a\/wp-json\/wp\/v2\/posts\/43393"}],"collection":[{"href":"https:\/\/www.obispado-mdp.org.ar\/a\/wp-json\/wp\/v2\/posts"}],"about":[{"href":"https:\/\/www.obispado-mdp.org.ar\/a\/wp-json\/wp\/v2\/types\/post"}],"author":[{"embeddable":true,"href":"https:\/\/www.obispado-mdp.org.ar\/a\/wp-json\/wp\/v2\/users\/3"}],"replies":[{"embeddable":true,"href":"https:\/\/www.obispado-mdp.org.ar\/a\/wp-json\/wp\/v2\/comments?post=43393"}],"version-history":[{"count":2,"href":"https:\/\/www.obispado-mdp.org.ar\/a\/wp-json\/wp\/v2\/posts\/43393\/revisions"}],"predecessor-version":[{"id":43442,"href":"https:\/\/www.obispado-mdp.org.ar\/a\/wp-json\/wp\/v2\/posts\/43393\/revisions\/43442"}],"wp:featuredmedia":[{"embeddable":true,"href":"https:\/\/www.obispado-mdp.org.ar\/a\/wp-json\/wp\/v2\/media\/31451"}],"wp:attachment":[{"href":"https:\/\/www.obispado-mdp.org.ar\/a\/wp-json\/wp\/v2\/media?parent=43393"}],"wp:term":[{"taxonomy":"category","embeddable":true,"href":"https:\/\/www.obispado-mdp.org.ar\/a\/wp-json\/wp\/v2\/categories?post=43393"},{"taxonomy":"post_tag","embeddable":true,"href":"https:\/\/www.obispado-mdp.org.ar\/a\/wp-json\/wp\/v2\/tags?post=43393"}],"curies":[{"name":"wp","href":"https:\/\/api.w.org\/{rel}","templated":true}]}}