{"id":43405,"date":"2024-06-15T18:30:00","date_gmt":"2024-06-15T21:30:00","guid":{"rendered":"https:\/\/www.obispado-mdp.org.ar\/a\/?p=43405"},"modified":"2024-04-03T16:48:09","modified_gmt":"2024-04-03T19:48:09","slug":"evangelio-segun-marcos-426-34","status":"publish","type":"post","link":"https:\/\/www.obispado-mdp.org.ar\/a\/evangelio-segun-marcos-426-34\/","title":{"rendered":"Evangelio seg\u00fan\u00a0San Marcos\u00a04,26-34."},"content":{"rendered":"\n<p>Y dec\u00eda: \u00abEl Reino de Dios es como un hombre que echa la semilla en la tierra:<br>sea que duerma o se levante, de noche y de d\u00eda, la semilla germina y va creciendo, sin que \u00e9l sepa c\u00f3mo.<br>La tierra por s\u00ed misma produce primero un tallo, luego una espiga, y al fin grano abundante en la espiga.<br>Cuando el fruto est\u00e1 a punto, \u00e9l aplica en seguida la hoz, porque ha llegado el tiempo de la cosecha\u00bb.<br>Tambi\u00e9n dec\u00eda: \u00ab\u00bfCon qu\u00e9 podr\u00edamos comparar el Reino de Dios? \u00bfQu\u00e9 par\u00e1bola nos servir\u00e1 para representarlo?<br>Se parece a un grano de mostaza. Cuando se la siembra, es la m\u00e1s peque\u00f1a de todas las semillas de la tierra,<br>pero, una vez sembrada, crece y llega a ser la m\u00e1s grande de todas las hortalizas, y extiende tanto sus ramas que los p\u00e1jaros del cielo se cobijan a su sombra\u00bb.<br>Y con muchas par\u00e1bolas como estas les anunciaba la Palabra, en la medida en que ellos pod\u00edan comprender.<br>No les hablaba sino en par\u00e1bolas, pero a sus propios disc\u00edpulos, en privado, les explicaba todo.<\/p>\n\n\n\n<p class=\"has-text-align-right\"><em>Extra\u00eddo de la Biblia: Libro del Pueblo de Dios. <\/em><\/p>\n","protected":false},"excerpt":{"rendered":"<p>Y dec\u00eda: \u00abEl Reino de Dios es como un hombre que echa la semilla en la tierra:sea que duerma o se levante, de noche y de d\u00eda, la semilla germina y va creciendo, sin que \u00e9l sepa c\u00f3mo.La tierra por s\u00ed misma produce primero un tallo, luego una espiga, y al fin grano abundante en [&hellip;]<\/p>\n","protected":false},"author":3,"featured_media":31456,"comment_status":"open","ping_status":"closed","sticky":false,"template":"","format":"standard","meta":{"_et_pb_use_builder":"off","_et_pb_old_content":"<!-- wp:paragraph -->\n<p> Al atardecer de ese mismo d\u00eda, el primero de la semana, estando cerradas las puertas del lugar donde se encontraban los disc\u00edpulos, por temor a los jud\u00edos, lleg\u00f3 Jes\u00fas y poni\u00e9ndose en medio de ellos, les dijo: \"\u00a1La paz est\u00e9 con ustedes!\".<br>Mientras dec\u00eda esto, les mostr\u00f3 sus manos y su costado. Los disc\u00edpulos se llenaron de alegr\u00eda cuando vieron al Se\u00f1or.<br>Jes\u00fas les dijo de nuevo: \"\u00a1La paz est\u00e9 con ustedes! Como el Padre me envi\u00f3 a m\u00ed, yo tambi\u00e9n los env\u00edo a ustedes\".<br>Al decirles esto, sopl\u00f3 sobre ellos y a\u00f1adi\u00f3: \"Reciban el Esp\u00edritu Santo.<br>Los pecados ser\u00e1n perdonados a los que ustedes se los perdonen, y ser\u00e1n retenidos a los que ustedes se los retengan\". <\/p>\n<!-- \/wp:paragraph -->\n\n<!-- wp:paragraph {\"align\":\"right\"} -->\n<p class=\"has-text-align-right\"><em>Extra\u00eddo de la Biblia: Libro del Pueblo de Dios. <\/em><\/p>\n<!-- \/wp:paragraph -->","_et_gb_content_width":""},"categories":[6],"tags":[],"aioseo_notices":[],"_links":{"self":[{"href":"https:\/\/www.obispado-mdp.org.ar\/a\/wp-json\/wp\/v2\/posts\/43405"}],"collection":[{"href":"https:\/\/www.obispado-mdp.org.ar\/a\/wp-json\/wp\/v2\/posts"}],"about":[{"href":"https:\/\/www.obispado-mdp.org.ar\/a\/wp-json\/wp\/v2\/types\/post"}],"author":[{"embeddable":true,"href":"https:\/\/www.obispado-mdp.org.ar\/a\/wp-json\/wp\/v2\/users\/3"}],"replies":[{"embeddable":true,"href":"https:\/\/www.obispado-mdp.org.ar\/a\/wp-json\/wp\/v2\/comments?post=43405"}],"version-history":[{"count":2,"href":"https:\/\/www.obispado-mdp.org.ar\/a\/wp-json\/wp\/v2\/posts\/43405\/revisions"}],"predecessor-version":[{"id":43436,"href":"https:\/\/www.obispado-mdp.org.ar\/a\/wp-json\/wp\/v2\/posts\/43405\/revisions\/43436"}],"wp:featuredmedia":[{"embeddable":true,"href":"https:\/\/www.obispado-mdp.org.ar\/a\/wp-json\/wp\/v2\/media\/31456"}],"wp:attachment":[{"href":"https:\/\/www.obispado-mdp.org.ar\/a\/wp-json\/wp\/v2\/media?parent=43405"}],"wp:term":[{"taxonomy":"category","embeddable":true,"href":"https:\/\/www.obispado-mdp.org.ar\/a\/wp-json\/wp\/v2\/categories?post=43405"},{"taxonomy":"post_tag","embeddable":true,"href":"https:\/\/www.obispado-mdp.org.ar\/a\/wp-json\/wp\/v2\/tags?post=43405"}],"curies":[{"name":"wp","href":"https:\/\/api.w.org\/{rel}","templated":true}]}}