{"id":43421,"date":"2024-06-22T18:30:00","date_gmt":"2024-06-22T21:30:00","guid":{"rendered":"https:\/\/www.obispado-mdp.org.ar\/a\/?p=43421"},"modified":"2024-04-03T16:45:14","modified_gmt":"2024-04-03T19:45:14","slug":"evangelio-segun-marcos-435-41","status":"publish","type":"post","link":"https:\/\/www.obispado-mdp.org.ar\/a\/evangelio-segun-marcos-435-41\/","title":{"rendered":"Evangelio seg\u00fan\u00a0San Marcos\u00a04,35-41."},"content":{"rendered":"\n<p>Al atardecer de ese mismo d\u00eda, les dijo: \u00abCrucemos a la otra orilla\u00bb.<br>Ellos, dejando a la multitud, lo llevaron a la barca, as\u00ed como estaba. Hab\u00eda otras barcas junto a la suya.<br>Entonces se desat\u00f3 un fuerte vendaval, y las olas entraban en la barca, que se iba llenando de agua.<br>Jes\u00fas estaba en la popa, durmiendo sobre el cabezal.<br>Lo despertaron y le dijeron: \u00ab\u00a1Maestro! \u00bfNo te importa que nos ahoguemos?\u00bb. Despert\u00e1ndose, \u00e9l increp\u00f3 al viento y dijo al mar: \u00ab\u00a1Silencio! \u00a1C\u00e1llate!\u00bb. El viento se aplac\u00f3 y sobrevino una gran calma.<br>Despu\u00e9s les dijo: \u00ab\u00bfPor qu\u00e9 tienen miedo? \u00bfC\u00f3mo no tienen fe?\u00bb.<br>Entonces quedaron atemorizados y se dec\u00edan unos a otros: \u00ab\u00bfQui\u00e9n es este, que hasta el viento y el mar le obedecen?\u00bb.<\/p>\n\n\n\n<p class=\"has-text-align-right\"><em>Extra\u00eddo de la Biblia: Libro del Pueblo de Dios. <\/em><\/p>\n","protected":false},"excerpt":{"rendered":"<p>Al atardecer de ese mismo d\u00eda, les dijo: \u00abCrucemos a la otra orilla\u00bb.Ellos, dejando a la multitud, lo llevaron a la barca, as\u00ed como estaba. Hab\u00eda otras barcas junto a la suya.Entonces se desat\u00f3 un fuerte vendaval, y las olas entraban en la barca, que se iba llenando de agua.Jes\u00fas estaba en la popa, durmiendo [&hellip;]<\/p>\n","protected":false},"author":3,"featured_media":31456,"comment_status":"open","ping_status":"closed","sticky":false,"template":"","format":"standard","meta":{"_et_pb_use_builder":"off","_et_pb_old_content":"<!-- wp:paragraph -->\n<p> Al atardecer de ese mismo d\u00eda, el primero de la semana, estando cerradas las puertas del lugar donde se encontraban los disc\u00edpulos, por temor a los jud\u00edos, lleg\u00f3 Jes\u00fas y poni\u00e9ndose en medio de ellos, les dijo: \"\u00a1La paz est\u00e9 con ustedes!\".<br>Mientras dec\u00eda esto, les mostr\u00f3 sus manos y su costado. Los disc\u00edpulos se llenaron de alegr\u00eda cuando vieron al Se\u00f1or.<br>Jes\u00fas les dijo de nuevo: \"\u00a1La paz est\u00e9 con ustedes! Como el Padre me envi\u00f3 a m\u00ed, yo tambi\u00e9n los env\u00edo a ustedes\".<br>Al decirles esto, sopl\u00f3 sobre ellos y a\u00f1adi\u00f3: \"Reciban el Esp\u00edritu Santo.<br>Los pecados ser\u00e1n perdonados a los que ustedes se los perdonen, y ser\u00e1n retenidos a los que ustedes se los retengan\". <\/p>\n<!-- \/wp:paragraph -->\n\n<!-- wp:paragraph {\"align\":\"right\"} -->\n<p class=\"has-text-align-right\"><em>Extra\u00eddo de la Biblia: Libro del Pueblo de Dios. <\/em><\/p>\n<!-- \/wp:paragraph -->","_et_gb_content_width":""},"categories":[6],"tags":[],"aioseo_notices":[],"_links":{"self":[{"href":"https:\/\/www.obispado-mdp.org.ar\/a\/wp-json\/wp\/v2\/posts\/43421"}],"collection":[{"href":"https:\/\/www.obispado-mdp.org.ar\/a\/wp-json\/wp\/v2\/posts"}],"about":[{"href":"https:\/\/www.obispado-mdp.org.ar\/a\/wp-json\/wp\/v2\/types\/post"}],"author":[{"embeddable":true,"href":"https:\/\/www.obispado-mdp.org.ar\/a\/wp-json\/wp\/v2\/users\/3"}],"replies":[{"embeddable":true,"href":"https:\/\/www.obispado-mdp.org.ar\/a\/wp-json\/wp\/v2\/comments?post=43421"}],"version-history":[{"count":2,"href":"https:\/\/www.obispado-mdp.org.ar\/a\/wp-json\/wp\/v2\/posts\/43421\/revisions"}],"predecessor-version":[{"id":43428,"href":"https:\/\/www.obispado-mdp.org.ar\/a\/wp-json\/wp\/v2\/posts\/43421\/revisions\/43428"}],"wp:featuredmedia":[{"embeddable":true,"href":"https:\/\/www.obispado-mdp.org.ar\/a\/wp-json\/wp\/v2\/media\/31456"}],"wp:attachment":[{"href":"https:\/\/www.obispado-mdp.org.ar\/a\/wp-json\/wp\/v2\/media?parent=43421"}],"wp:term":[{"taxonomy":"category","embeddable":true,"href":"https:\/\/www.obispado-mdp.org.ar\/a\/wp-json\/wp\/v2\/categories?post=43421"},{"taxonomy":"post_tag","embeddable":true,"href":"https:\/\/www.obispado-mdp.org.ar\/a\/wp-json\/wp\/v2\/tags?post=43421"}],"curies":[{"name":"wp","href":"https:\/\/api.w.org\/{rel}","templated":true}]}}