{"id":43423,"date":"2024-06-23T18:30:00","date_gmt":"2024-06-23T21:30:00","guid":{"rendered":"https:\/\/www.obispado-mdp.org.ar\/a\/?p=43423"},"modified":"2024-04-03T16:44:59","modified_gmt":"2024-04-03T19:44:59","slug":"evangelio-segun-lucas-157-66-80","status":"publish","type":"post","link":"https:\/\/www.obispado-mdp.org.ar\/a\/evangelio-segun-lucas-157-66-80\/","title":{"rendered":"Evangelio seg\u00fan\u00a0San Lucas\u00a01,57-66.80."},"content":{"rendered":"\n<p>Cuando lleg\u00f3 el tiempo en que Isabel deb\u00eda ser madre, dio a luz un hijo.<br>Al enterarse sus vecinos y parientes de la gran misericordia con que Dios la hab\u00eda tratado, se alegraban con ella.<br>A los ocho d\u00edas, se reunieron para circuncidar al ni\u00f1o, y quer\u00edan llamarlo Zacar\u00edas, como su padre;<br>pero la madre dijo: \u00abNo, debe llamarse Juan\u00bb.<br>Ellos le dec\u00edan: \u00abNo hay nadie en tu familia que lleve ese nombre\u00bb.<br>Entonces preguntaron por se\u00f1as al padre qu\u00e9 nombre quer\u00eda que le pusieran.<br>Este pidi\u00f3 una pizarra y escribi\u00f3: \u00abSu nombre es Juan\u00bb. Todos quedaron admirados.<br>Y en ese mismo momento, Zacar\u00edas recuper\u00f3 el habla y comenz\u00f3 a alabar a Dios.<br>Este acontecimiento produjo una gran impresi\u00f3n entre la gente de los alrededores, y se lo comentaba en toda la regi\u00f3n monta\u00f1osa de Judea.<br>Todos los que se enteraron guardaban este recuerdo en su coraz\u00f3n y se dec\u00edan: \u00ab\u00bfQu\u00e9 llegar\u00e1 a ser este ni\u00f1o?\u00bb. Porque la mano del Se\u00f1or estaba con \u00e9l.<br>El ni\u00f1o iba creciendo y se fortalec\u00eda en su esp\u00edritu; y vivi\u00f3 en lugares desiertos hasta el d\u00eda en que se manifest\u00f3 a Israel.<\/p>\n\n\n\n<p class=\"has-text-align-right\"><em>Extra\u00eddo de la Biblia: Libro del Pueblo de Dios. <\/em><\/p>\n","protected":false},"excerpt":{"rendered":"<p>Cuando lleg\u00f3 el tiempo en que Isabel deb\u00eda ser madre, dio a luz un hijo.Al enterarse sus vecinos y parientes de la gran misericordia con que Dios la hab\u00eda tratado, se alegraban con ella.A los ocho d\u00edas, se reunieron para circuncidar al ni\u00f1o, y quer\u00edan llamarlo Zacar\u00edas, como su padre;pero la madre dijo: \u00abNo, debe [&hellip;]<\/p>\n","protected":false},"author":3,"featured_media":31451,"comment_status":"open","ping_status":"closed","sticky":false,"template":"","format":"standard","meta":{"_et_pb_use_builder":"off","_et_pb_old_content":"<!-- wp:paragraph -->\n<p> Al atardecer de ese mismo d\u00eda, el primero de la semana, estando cerradas las puertas del lugar donde se encontraban los disc\u00edpulos, por temor a los jud\u00edos, lleg\u00f3 Jes\u00fas y poni\u00e9ndose en medio de ellos, les dijo: \"\u00a1La paz est\u00e9 con ustedes!\".<br>Mientras dec\u00eda esto, les mostr\u00f3 sus manos y su costado. Los disc\u00edpulos se llenaron de alegr\u00eda cuando vieron al Se\u00f1or.<br>Jes\u00fas les dijo de nuevo: \"\u00a1La paz est\u00e9 con ustedes! Como el Padre me envi\u00f3 a m\u00ed, yo tambi\u00e9n los env\u00edo a ustedes\".<br>Al decirles esto, sopl\u00f3 sobre ellos y a\u00f1adi\u00f3: \"Reciban el Esp\u00edritu Santo.<br>Los pecados ser\u00e1n perdonados a los que ustedes se los perdonen, y ser\u00e1n retenidos a los que ustedes se los retengan\". <\/p>\n<!-- \/wp:paragraph -->\n\n<!-- wp:paragraph {\"align\":\"right\"} -->\n<p class=\"has-text-align-right\"><em>Extra\u00eddo de la Biblia: Libro del Pueblo de Dios. <\/em><\/p>\n<!-- \/wp:paragraph -->","_et_gb_content_width":""},"categories":[6],"tags":[],"aioseo_notices":[],"_links":{"self":[{"href":"https:\/\/www.obispado-mdp.org.ar\/a\/wp-json\/wp\/v2\/posts\/43423"}],"collection":[{"href":"https:\/\/www.obispado-mdp.org.ar\/a\/wp-json\/wp\/v2\/posts"}],"about":[{"href":"https:\/\/www.obispado-mdp.org.ar\/a\/wp-json\/wp\/v2\/types\/post"}],"author":[{"embeddable":true,"href":"https:\/\/www.obispado-mdp.org.ar\/a\/wp-json\/wp\/v2\/users\/3"}],"replies":[{"embeddable":true,"href":"https:\/\/www.obispado-mdp.org.ar\/a\/wp-json\/wp\/v2\/comments?post=43423"}],"version-history":[{"count":2,"href":"https:\/\/www.obispado-mdp.org.ar\/a\/wp-json\/wp\/v2\/posts\/43423\/revisions"}],"predecessor-version":[{"id":43427,"href":"https:\/\/www.obispado-mdp.org.ar\/a\/wp-json\/wp\/v2\/posts\/43423\/revisions\/43427"}],"wp:featuredmedia":[{"embeddable":true,"href":"https:\/\/www.obispado-mdp.org.ar\/a\/wp-json\/wp\/v2\/media\/31451"}],"wp:attachment":[{"href":"https:\/\/www.obispado-mdp.org.ar\/a\/wp-json\/wp\/v2\/media?parent=43423"}],"wp:term":[{"taxonomy":"category","embeddable":true,"href":"https:\/\/www.obispado-mdp.org.ar\/a\/wp-json\/wp\/v2\/categories?post=43423"},{"taxonomy":"post_tag","embeddable":true,"href":"https:\/\/www.obispado-mdp.org.ar\/a\/wp-json\/wp\/v2\/tags?post=43423"}],"curies":[{"name":"wp","href":"https:\/\/api.w.org\/{rel}","templated":true}]}}