{"id":43529,"date":"2024-04-06T20:49:58","date_gmt":"2024-04-06T23:49:58","guid":{"rendered":"https:\/\/www.obispado-mdp.org.ar\/a\/?p=43529"},"modified":"2024-04-06T20:49:59","modified_gmt":"2024-04-06T23:49:59","slug":"se-desarrollo-el-encuentro-anual-de-presidentes-directores-y-voluntarios-de-caritas-de-la-diocesis-de-mar-del-plata","status":"publish","type":"post","link":"https:\/\/www.obispado-mdp.org.ar\/a\/se-desarrollo-el-encuentro-anual-de-presidentes-directores-y-voluntarios-de-caritas-de-la-diocesis-de-mar-del-plata\/","title":{"rendered":"Se desarroll\u00f3 el Encuentro Anual de Presidentes, Directores y Voluntarios de C\u00e1ritas de la Di\u00f3cesis de Mar del Plata"},"content":{"rendered":"\n<p>Este s\u00e1bado 6 de abril tuvo lugar en el Ce.Di.E.R. el encuentro que cada a\u00f1o re\u00fane a todos los integrantes de las distintas C\u00e1ritas de nuestra di\u00f3cesis. Los p\u00e1rrocos (presidentes de C\u00e1ritas en cada parroquia), directores y voluntarios que estuvieron presentes, escucharon las palabras del administrador apost\u00f3lico, monse\u00f1or Ernesto Giobando, quien tuvo a cargo la oraci\u00f3n de apertura. A la luz de un pasaje del Evangelio seg\u00fan San Lucas, invit\u00f3 a los voluntarios a \u201casumir su servicio con esa humildad que supo abrazar Jes\u00fas.\u201d<\/p>\n\n\n\n<p>Participaron m\u00e1s de 100 referentes de distintas \u00e1reas y servicios de la di\u00f3cesis, con representaci\u00f3n de las distintas parroquias presentes en los nueve partidos.<\/p>\n\n\n\n<p><\/p>\n\n\n\n<figure class=\"wp-block-image size-large\"><img loading=\"lazy\" width=\"1024\" height=\"768\" src=\"https:\/\/www.obispado-mdp.org.ar\/a\/wp-content\/uploads\/2024\/04\/Imagen_de_WhatsApp_2024-04-06_a_las_17.27.16_122d285c-transformed-1-1024x768.jpeg\" alt=\"\" class=\"wp-image-43530\"\/><\/figure>\n\n\n\n<figure class=\"wp-block-image size-large\"><img loading=\"lazy\" width=\"1024\" height=\"768\" src=\"https:\/\/www.obispado-mdp.org.ar\/a\/wp-content\/uploads\/2024\/04\/Imagen-de-WhatsApp-2024-04-06-a-las-17.21.34_d5f56554-1-1024x768.jpg\" alt=\"\" class=\"wp-image-43533\"\/><\/figure>\n\n\n\n<figure class=\"wp-block-image size-large\"><img loading=\"lazy\" width=\"1024\" height=\"766\" src=\"https:\/\/www.obispado-mdp.org.ar\/a\/wp-content\/uploads\/2024\/04\/Imagen-de-WhatsApp-2024-04-06-a-las-17.21.33_b07ef8f6-1-1024x766.jpg\" alt=\"\" class=\"wp-image-43534\"\/><\/figure>\n","protected":false},"excerpt":{"rendered":"<p>Este s\u00e1bado 6 de abril tuvo lugar en el Ce.Di.E.R. el encuentro que cada a\u00f1o re\u00fane a todos los integrantes de las distintas C\u00e1ritas de nuestra di\u00f3cesis. Los p\u00e1rrocos (presidentes de C\u00e1ritas en cada parroquia), directores y voluntarios que estuvieron presentes, escucharon las palabras del administrador apost\u00f3lico, monse\u00f1or Ernesto Giobando, quien tuvo a cargo la [&hellip;]<\/p>\n","protected":false},"author":4,"featured_media":0,"comment_status":"open","ping_status":"open","sticky":false,"template":"","format":"standard","meta":{"_et_pb_use_builder":"","_et_pb_old_content":"","_et_gb_content_width":""},"categories":[4],"tags":[],"aioseo_notices":[],"_links":{"self":[{"href":"https:\/\/www.obispado-mdp.org.ar\/a\/wp-json\/wp\/v2\/posts\/43529"}],"collection":[{"href":"https:\/\/www.obispado-mdp.org.ar\/a\/wp-json\/wp\/v2\/posts"}],"about":[{"href":"https:\/\/www.obispado-mdp.org.ar\/a\/wp-json\/wp\/v2\/types\/post"}],"author":[{"embeddable":true,"href":"https:\/\/www.obispado-mdp.org.ar\/a\/wp-json\/wp\/v2\/users\/4"}],"replies":[{"embeddable":true,"href":"https:\/\/www.obispado-mdp.org.ar\/a\/wp-json\/wp\/v2\/comments?post=43529"}],"version-history":[{"count":2,"href":"https:\/\/www.obispado-mdp.org.ar\/a\/wp-json\/wp\/v2\/posts\/43529\/revisions"}],"predecessor-version":[{"id":43536,"href":"https:\/\/www.obispado-mdp.org.ar\/a\/wp-json\/wp\/v2\/posts\/43529\/revisions\/43536"}],"wp:attachment":[{"href":"https:\/\/www.obispado-mdp.org.ar\/a\/wp-json\/wp\/v2\/media?parent=43529"}],"wp:term":[{"taxonomy":"category","embeddable":true,"href":"https:\/\/www.obispado-mdp.org.ar\/a\/wp-json\/wp\/v2\/categories?post=43529"},{"taxonomy":"post_tag","embeddable":true,"href":"https:\/\/www.obispado-mdp.org.ar\/a\/wp-json\/wp\/v2\/tags?post=43529"}],"curies":[{"name":"wp","href":"https:\/\/api.w.org\/{rel}","templated":true}]}}