{"id":43542,"date":"2024-04-08T09:59:03","date_gmt":"2024-04-08T12:59:03","guid":{"rendered":"https:\/\/www.obispado-mdp.org.ar\/a\/?p=43542"},"modified":"2024-04-08T09:59:04","modified_gmt":"2024-04-08T12:59:04","slug":"gran-devocion-en-el-santuario-jesus-misericordioso","status":"publish","type":"post","link":"https:\/\/www.obispado-mdp.org.ar\/a\/gran-devocion-en-el-santuario-jesus-misericordioso\/","title":{"rendered":"<strong>Gran devoci\u00f3n en el Santuario Jes\u00fas Misericordioso<\/strong>"},"content":{"rendered":"\n<p class=\"has-white-color has-pale-cyan-blue-background-color has-text-color has-background has-medium-font-size\"><strong>Fiesta de la Divina Misericordia<\/strong><\/p>\n\n\n\n<p><\/p>\n\n\n\n<p>Este domingo 7, llamado \u201cDomingo de la Divina Misericordia\u201d, un gran n\u00famero de peregrinos se acerc\u00f3 al Santuario ubicado en el barrio Jard\u00edn de Peralta Ramos para celebrar devotamente el amor de Jes\u00fas. De este modo, se vivi\u00f3 un d\u00eda dedicado a meditar aquello que Sor Faustina Kowalska, la santa polaca que vivi\u00f3 entre 1905 y 1921 y que fue canonizada en el 2000, ha transmitido acerca del deseo de Cristo de derramar su amor y su perd\u00f3n a todos los que se acerquen a \u00c9l.\u00a0\u00a0\u00a0\u00a0<\/p>\n\n\n\n<p>Luego de orar la Coronilla de la Divina Misericordia a las tres de la tarde frente al Sant\u00edsimo expuesto en el altar, se realiz\u00f3 una procesi\u00f3n por el barrio con la imagen de Jes\u00fas Misericordioso, rezando y cantando, hasta el regreso al Santuario en el cual los fieles&nbsp; recibieron la bendici\u00f3n Eucar\u00edstica. Pasadas las 17 horas comenz\u00f3 la Santa Misa, presidida por el administrador apost\u00f3lico de nuestra di\u00f3cesis, monse\u00f1or Ernesto Giobando sj., y concelebrada por el presb\u00edtero Jos\u00e9 Luis Pu\u00f1al, p\u00e1rroco de San Pio X.&nbsp;<\/p>\n\n\n\n<p>Terminada la lectura del Evangelio seg\u00fan san Juan 20, 19-31, monse\u00f1or Giobando dijo que era la primera vez que asist\u00eda a ese templo y que por ello como cada vez que celebra en un lugar que no conoc\u00eda, quer\u00eda pedirle a Dios tres gracias: \u201clas dos primeras son las que los fieles presentes necesiten, y la tercera es para la Di\u00f3cesis, para que el Se\u00f1or siga mirando y que de este tiempo se pueda sacar una ense\u00f1anza de todo lo que se est\u00e1 viviendo\u00bb.<\/p>\n\n\n\n<p>Una vez realizada dicha introducci\u00f3n, monse\u00f1or centr\u00f3 su homil\u00eda en la realidad de la Misericordia, comenzando por el origen hebreo de la palabra, que, seg\u00fan explic\u00f3, refiere al \u00abamor que se aloja en las entra\u00f1as de Dios\u00bb. A partir de esa definici\u00f3n invit\u00f3 a reflejar esa profundidad amorosa a trav\u00e9s de la compasi\u00f3n, la caridad y el perd\u00f3n. \u00abJes\u00fas vino a esta tierra a perdonar, porque el pecado no tiene la \u00faltima palabra, porque el pecado es muerte. Pero hoy el Evangelio dice: &#8216;Estos [signos] han sido escritos para que ustedes crean que Jes\u00fas es el Mes\u00edas, el Hijo de Dios, y creyendo, tengan Vida en su Nombre&#8217;, y el nombre es Jesus Misericordioso\u00bb, subray\u00f3.&nbsp;<\/p>\n\n\n\n<p>\u00abJes\u00fas nos ense\u00f1a a tener misericordia, de ese coraz\u00f3n llagado brota luz. Y al mostrarle a los disc\u00edpulos las llagas les muestra lo que padeci\u00f3 por nosotros, no para refreg\u00e1rselo en la cara sino para que no perdamos la memoria de que \u00c9l nos ha salvado\u00bb, agreg\u00f3.&nbsp;<\/p>\n\n\n\n<p>Para cerrar la predicaci\u00f3n exhort\u00f3 a todos a pedirle \u00abal coraz\u00f3n misericordioso de Jes\u00fas que nos conceda entra\u00f1as de misericordia y que en lo m\u00e1s profundo de nuestro ser est\u00e9 Dios, porque si Dios est\u00e1 lo tenemos todo\u00bb.<\/p>\n\n\n\n<p>Al finalizar la celebraci\u00f3n, el Padre Jose Luis agradeci\u00f3 a los sacerdotes que se acercaron a confesar, en ese caso al padre Santiago Arriola y al padre Juan Marcos&nbsp; Degl&#8217;Innocenti, ambos de la vecina provincia parroquia San P\u00edo de Pietrelcina.<\/p>\n\n\n\n<p>En clima alegre y patri\u00f3tico, la celebraci\u00f3n patronal finaliz\u00f3 con la presencia de la Banda de M\u00fasica de la Armada, que interpret\u00f3 una serie de marchas.<\/p>\n\n\n\n<figure class=\"wp-block-image size-large is-resized\"><img loading=\"lazy\" src=\"https:\/\/www.obispado-mdp.org.ar\/a\/wp-content\/uploads\/2024\/04\/Imagen-de-WhatsApp-2024-04-07-a-las-20.50.39_3375cc6b-2-682x1024.jpg\" alt=\"\" class=\"wp-image-43550\" width=\"822\" height=\"1234\"\/><\/figure>\n\n\n\n<figure class=\"wp-block-image size-large is-resized\"><img loading=\"lazy\" src=\"https:\/\/www.obispado-mdp.org.ar\/a\/wp-content\/uploads\/2024\/04\/Imagen-de-WhatsApp-2024-04-07-a-las-20.50.44_003f193f-682x1024.jpg\" alt=\"\" class=\"wp-image-43551\" width=\"820\" height=\"1231\"\/><\/figure>\n\n\n\n<figure class=\"wp-block-image size-large\"><img loading=\"lazy\" width=\"1024\" height=\"682\" src=\"https:\/\/www.obispado-mdp.org.ar\/a\/wp-content\/uploads\/2024\/04\/Imagen-de-WhatsApp-2024-04-07-a-las-20.50.45_f3a3557c-1024x682.jpg\" alt=\"\" class=\"wp-image-43548\"\/><\/figure>\n","protected":false},"excerpt":{"rendered":"<p>Fiesta de la Divina Misericordia Este domingo 7, llamado \u201cDomingo de la Divina Misericordia\u201d, un gran n\u00famero de peregrinos se acerc\u00f3 al Santuario ubicado en el barrio Jard\u00edn de Peralta Ramos para celebrar devotamente el amor de Jes\u00fas. De este modo, se vivi\u00f3 un d\u00eda dedicado a meditar aquello que Sor Faustina Kowalska, la santa [&hellip;]<\/p>\n","protected":false},"author":4,"featured_media":0,"comment_status":"open","ping_status":"open","sticky":false,"template":"","format":"standard","meta":{"_et_pb_use_builder":"","_et_pb_old_content":"","_et_gb_content_width":""},"categories":[4],"tags":[],"aioseo_notices":[],"_links":{"self":[{"href":"https:\/\/www.obispado-mdp.org.ar\/a\/wp-json\/wp\/v2\/posts\/43542"}],"collection":[{"href":"https:\/\/www.obispado-mdp.org.ar\/a\/wp-json\/wp\/v2\/posts"}],"about":[{"href":"https:\/\/www.obispado-mdp.org.ar\/a\/wp-json\/wp\/v2\/types\/post"}],"author":[{"embeddable":true,"href":"https:\/\/www.obispado-mdp.org.ar\/a\/wp-json\/wp\/v2\/users\/4"}],"replies":[{"embeddable":true,"href":"https:\/\/www.obispado-mdp.org.ar\/a\/wp-json\/wp\/v2\/comments?post=43542"}],"version-history":[{"count":3,"href":"https:\/\/www.obispado-mdp.org.ar\/a\/wp-json\/wp\/v2\/posts\/43542\/revisions"}],"predecessor-version":[{"id":43553,"href":"https:\/\/www.obispado-mdp.org.ar\/a\/wp-json\/wp\/v2\/posts\/43542\/revisions\/43553"}],"wp:attachment":[{"href":"https:\/\/www.obispado-mdp.org.ar\/a\/wp-json\/wp\/v2\/media?parent=43542"}],"wp:term":[{"taxonomy":"category","embeddable":true,"href":"https:\/\/www.obispado-mdp.org.ar\/a\/wp-json\/wp\/v2\/categories?post=43542"},{"taxonomy":"post_tag","embeddable":true,"href":"https:\/\/www.obispado-mdp.org.ar\/a\/wp-json\/wp\/v2\/tags?post=43542"}],"curies":[{"name":"wp","href":"https:\/\/api.w.org\/{rel}","templated":true}]}}