{"id":43554,"date":"2024-04-11T13:21:57","date_gmt":"2024-04-11T16:21:57","guid":{"rendered":"https:\/\/www.obispado-mdp.org.ar\/a\/?p=43554"},"modified":"2024-04-11T13:21:59","modified_gmt":"2024-04-11T16:21:59","slug":"misa-de-inicio-del-ano-academico-de-la-escuela-universitaria-de-teologia","status":"publish","type":"post","link":"https:\/\/www.obispado-mdp.org.ar\/a\/misa-de-inicio-del-ano-academico-de-la-escuela-universitaria-de-teologia\/","title":{"rendered":"Misa de inicio del a\u00f1o acad\u00e9mico de la Escuela Universitaria de Teolog\u00eda"},"content":{"rendered":"\n<p>Se di\u00f3 inicio formal al a\u00f1o acad\u00e9mico de la Escuela Universitaria de Teolog\u00eda, con la Misa que monse\u00f1or Ernesto Giobando sj. presidi\u00f3 en la Iglesia Catedral de Mar del Plata. El vicerrector, Lic. Rub\u00e9n Primo Fern\u00e1ndez, agradeci\u00f3 al Administrador Apost\u00f3lico por su presencia y con un breve discurso anim\u00f3 a la comunidad de la EUT a caminar juntos este a\u00f1o.\u00a0<\/p>\n\n\n\n<p>Comentando las lecturas b\u00edblicas, monse\u00f1or Giobando destac\u00f3 a la luz de la ant\u00edfona del Salmo, que \u201cla pobreza de esp\u00edritu es una condici\u00f3n de la teolog\u00eda\u201d, a la vez que record\u00f3 una ense\u00f1anza de quien fuera su formador en la etapa de Noviciado, el entonces padre Jorge Bergoglio, quien les dec\u00eda que \u201cla teolog\u00eda se aprende en el claustro, pero se siente junto al santo pueblo fiel de Dios.\u201d<\/p>\n\n\n\n<p>Al finalizar la celebraci\u00f3n se realiz\u00f3 un reconocimiento a la se\u00f1ora Ana Feullaser, quien durante varios a\u00f1os se desempe\u00f1ara como Secretaria del Departamento de Extensi\u00f3n, y alcanz\u00f3 recientemente el beneficio de la jubilaci\u00f3n.<\/p>\n\n\n\n<p><\/p>\n\n\n\n<figure class=\"wp-block-image size-large\"><img loading=\"lazy\" width=\"1024\" height=\"682\" src=\"https:\/\/www.obispado-mdp.org.ar\/a\/wp-content\/uploads\/2024\/04\/Imagen-de-WhatsApp-2024-04-11-a-las-09.43.21_d18b703f-1024x682.jpg\" alt=\"\" class=\"wp-image-43555\"\/><\/figure>\n\n\n\n<figure class=\"wp-block-image size-large\"><img loading=\"lazy\" width=\"1024\" height=\"682\" src=\"https:\/\/www.obispado-mdp.org.ar\/a\/wp-content\/uploads\/2024\/04\/Imagen-de-WhatsApp-2024-04-11-a-las-09.43.20_da92107d-1024x682.jpg\" alt=\"\" class=\"wp-image-43556\"\/><\/figure>\n\n\n\n<figure class=\"wp-block-image size-large\"><img loading=\"lazy\" width=\"1024\" height=\"580\" src=\"https:\/\/www.obispado-mdp.org.ar\/a\/wp-content\/uploads\/2024\/04\/Imagen-de-WhatsApp-2024-04-11-a-las-09.43.23_50abbc91-1024x580.jpg\" alt=\"\" class=\"wp-image-43557\"\/><\/figure>\n","protected":false},"excerpt":{"rendered":"<p>Se di\u00f3 inicio formal al a\u00f1o acad\u00e9mico de la Escuela Universitaria de Teolog\u00eda, con la Misa que monse\u00f1or Ernesto Giobando sj. presidi\u00f3 en la Iglesia Catedral de Mar del Plata. El vicerrector, Lic. Rub\u00e9n Primo Fern\u00e1ndez, agradeci\u00f3 al Administrador Apost\u00f3lico por su presencia y con un breve discurso anim\u00f3 a la comunidad de la EUT [&hellip;]<\/p>\n","protected":false},"author":4,"featured_media":0,"comment_status":"open","ping_status":"open","sticky":false,"template":"","format":"standard","meta":{"_et_pb_use_builder":"","_et_pb_old_content":"","_et_gb_content_width":""},"categories":[4],"tags":[],"aioseo_notices":[],"_links":{"self":[{"href":"https:\/\/www.obispado-mdp.org.ar\/a\/wp-json\/wp\/v2\/posts\/43554"}],"collection":[{"href":"https:\/\/www.obispado-mdp.org.ar\/a\/wp-json\/wp\/v2\/posts"}],"about":[{"href":"https:\/\/www.obispado-mdp.org.ar\/a\/wp-json\/wp\/v2\/types\/post"}],"author":[{"embeddable":true,"href":"https:\/\/www.obispado-mdp.org.ar\/a\/wp-json\/wp\/v2\/users\/4"}],"replies":[{"embeddable":true,"href":"https:\/\/www.obispado-mdp.org.ar\/a\/wp-json\/wp\/v2\/comments?post=43554"}],"version-history":[{"count":2,"href":"https:\/\/www.obispado-mdp.org.ar\/a\/wp-json\/wp\/v2\/posts\/43554\/revisions"}],"predecessor-version":[{"id":43559,"href":"https:\/\/www.obispado-mdp.org.ar\/a\/wp-json\/wp\/v2\/posts\/43554\/revisions\/43559"}],"wp:attachment":[{"href":"https:\/\/www.obispado-mdp.org.ar\/a\/wp-json\/wp\/v2\/media?parent=43554"}],"wp:term":[{"taxonomy":"category","embeddable":true,"href":"https:\/\/www.obispado-mdp.org.ar\/a\/wp-json\/wp\/v2\/categories?post=43554"},{"taxonomy":"post_tag","embeddable":true,"href":"https:\/\/www.obispado-mdp.org.ar\/a\/wp-json\/wp\/v2\/tags?post=43554"}],"curies":[{"name":"wp","href":"https:\/\/api.w.org\/{rel}","templated":true}]}}