{"id":43565,"date":"2024-04-12T20:12:19","date_gmt":"2024-04-12T23:12:19","guid":{"rendered":"https:\/\/www.obispado-mdp.org.ar\/a\/?p=43565"},"modified":"2024-04-12T20:13:22","modified_gmt":"2024-04-12T23:13:22","slug":"el-servicio-sacerdotal-de-urgencia-renovo-ayer-su-comision-directiva","status":"publish","type":"post","link":"https:\/\/www.obispado-mdp.org.ar\/a\/el-servicio-sacerdotal-de-urgencia-renovo-ayer-su-comision-directiva\/","title":{"rendered":"El Servicio Sacerdotal de Urgencia renov\u00f3 ayer su comisi\u00f3n directiva."},"content":{"rendered":"\n<p><\/p>\n\n\n\n<p>La actividad tuvo lugar este jueves en la sede del Colegio Fasta SVP y comenz\u00f3 con una Misa presidida por monse\u00f1or Ernesto Giobando sj., Administrador Apost\u00f3lico de nuestra Di\u00f3cesis.<\/p>\n\n\n\n<p>En su homil\u00eda, en la que pidi\u00f3 por las necesidades de la comunidad local y diocesana, hizo alusi\u00f3n a los cristianos perseguidos y calumniados por seguir a Jes\u00fas, y se refiri\u00f3 a la historia de San Estanislao de Polonia, cuya memoria lit\u00fargica se celebraba ese d\u00eda.<\/p>\n\n\n\n<p>Luego de la Eucarist\u00eda, tuvo lugar la asamblea en la que se defini\u00f3 la nueva comisi\u00f3n directiva del SSU, quedando como presidente de la misma Agust\u00edn Moldes, vicepresidente Juan Gonz\u00e1lez Lagos, secretario Santiago Schipani, tesorero Mart\u00edn de Leon Prandi y vocales Gast\u00f3n Guerra, Ariel Santacrocce, Horacio Montenegro y Jos\u00e9 Arana.<\/p>\n\n\n\n<p>Cabe destacar que el Servicio Sacerdotal de Urgencia funciona en el horario de 20 a 6hs., facilitando la presencia de un sacerdote para asistir sacramentalmente a los enfermos que por su repentina gravedad no hayan podido solicitar esa asistencia en la Parroquia m\u00e1s cercana. La l\u00ednea telef\u00f3nica del Servicio es 2236965499.<\/p>\n\n\n\n<figure class=\"wp-block-image\"><img alt=\"\"\/><\/figure>\n\n\n\n<figure class=\"wp-block-image size-large\"><img loading=\"lazy\" width=\"1024\" height=\"768\" src=\"https:\/\/www.obispado-mdp.org.ar\/a\/wp-content\/uploads\/2024\/04\/ssy-1024x768.jpg\" alt=\"\" class=\"wp-image-43566\"\/><\/figure>\n\n\n\n<p><\/p>\n\n\n\n<figure class=\"wp-block-image size-large\"><img loading=\"lazy\" width=\"1024\" height=\"768\" src=\"https:\/\/www.obispado-mdp.org.ar\/a\/wp-content\/uploads\/2024\/04\/Imagen-de-WhatsApp-2024-04-12-a-las-07.52.21_05f43b31-1024x768.jpg\" alt=\"\" class=\"wp-image-43567\"\/><\/figure>\n\n\n\n<figure class=\"wp-block-image size-large\"><img loading=\"lazy\" width=\"1024\" height=\"768\" src=\"https:\/\/www.obispado-mdp.org.ar\/a\/wp-content\/uploads\/2024\/04\/Imagen-de-WhatsApp-2024-04-12-a-las-07.51.48_8c3bc0cd-1024x768.jpg\" alt=\"\" class=\"wp-image-43569\"\/><\/figure>\n","protected":false},"excerpt":{"rendered":"<p>La actividad tuvo lugar este jueves en la sede del Colegio Fasta SVP y comenz\u00f3 con una Misa presidida por monse\u00f1or Ernesto Giobando sj., Administrador Apost\u00f3lico de nuestra Di\u00f3cesis. En su homil\u00eda, en la que pidi\u00f3 por las necesidades de la comunidad local y diocesana, hizo alusi\u00f3n a los cristianos perseguidos y calumniados por seguir [&hellip;]<\/p>\n","protected":false},"author":4,"featured_media":0,"comment_status":"open","ping_status":"open","sticky":false,"template":"","format":"standard","meta":{"_et_pb_use_builder":"","_et_pb_old_content":"","_et_gb_content_width":""},"categories":[4],"tags":[],"aioseo_notices":[],"_links":{"self":[{"href":"https:\/\/www.obispado-mdp.org.ar\/a\/wp-json\/wp\/v2\/posts\/43565"}],"collection":[{"href":"https:\/\/www.obispado-mdp.org.ar\/a\/wp-json\/wp\/v2\/posts"}],"about":[{"href":"https:\/\/www.obispado-mdp.org.ar\/a\/wp-json\/wp\/v2\/types\/post"}],"author":[{"embeddable":true,"href":"https:\/\/www.obispado-mdp.org.ar\/a\/wp-json\/wp\/v2\/users\/4"}],"replies":[{"embeddable":true,"href":"https:\/\/www.obispado-mdp.org.ar\/a\/wp-json\/wp\/v2\/comments?post=43565"}],"version-history":[{"count":1,"href":"https:\/\/www.obispado-mdp.org.ar\/a\/wp-json\/wp\/v2\/posts\/43565\/revisions"}],"predecessor-version":[{"id":43570,"href":"https:\/\/www.obispado-mdp.org.ar\/a\/wp-json\/wp\/v2\/posts\/43565\/revisions\/43570"}],"wp:attachment":[{"href":"https:\/\/www.obispado-mdp.org.ar\/a\/wp-json\/wp\/v2\/media?parent=43565"}],"wp:term":[{"taxonomy":"category","embeddable":true,"href":"https:\/\/www.obispado-mdp.org.ar\/a\/wp-json\/wp\/v2\/categories?post=43565"},{"taxonomy":"post_tag","embeddable":true,"href":"https:\/\/www.obispado-mdp.org.ar\/a\/wp-json\/wp\/v2\/tags?post=43565"}],"curies":[{"name":"wp","href":"https:\/\/api.w.org\/{rel}","templated":true}]}}