{"id":43572,"date":"2024-04-14T13:59:43","date_gmt":"2024-04-14T16:59:43","guid":{"rendered":"https:\/\/www.obispado-mdp.org.ar\/a\/?p=43572"},"modified":"2024-04-14T14:01:20","modified_gmt":"2024-04-14T17:01:20","slug":"se-celebro-la-fiesta-de-la-virgen-del-valle%ef%bf%bc","status":"publish","type":"post","link":"https:\/\/www.obispado-mdp.org.ar\/a\/se-celebro-la-fiesta-de-la-virgen-del-valle%ef%bf%bc\/","title":{"rendered":"Se celebr\u00f3 la Fiesta de la Virgen del Valle"},"content":{"rendered":"\n<p>El segundo s\u00e1bado de Pascua, la Liturgia celebra a la Sant\u00edsima Virgen Mar\u00eda en su advocaci\u00f3n de Nuestra Se\u00f1ora del Valle. En Mar del Plata, la Capilla ubicada en Victoriano Montes al 300, que la tiene como Patrona, la honr\u00f3 con gran devoci\u00f3n, culminando los festejos con la procesi\u00f3n por las calles y la Santa Misa que presidi\u00f3 el administrador apost\u00f3lico de nuestra di\u00f3cesis, monse\u00f1or Ernesto Giobando sj., y concelebr\u00f3 el p\u00e1rroco de Santa Ana, presb\u00edtero Juan Cruz Mennilli.<\/p>\n\n\n\n<p>Entre c\u00e1nticos, oraciones y reflexiones, la imagen de la Virgen del Valle fue recorriendo el barrio, y deteni\u00e9ndose en algunas casas que ten\u00edan preparados peque\u00f1os altares con im\u00e1genes de devoci\u00f3n propias de cada una de esas familias. Un momento de gran alegr\u00eda se vivi\u00f3 cuando la procesi\u00f3n pas\u00f3 por el Jard\u00edn de Infantes Nuestra Se\u00f1ora del Valle, ubicado a apenas 100 metros de la Capilla, donde los ni\u00f1os y ni\u00f1as acompa\u00f1ados de sus docentes y familias, ofrendaron flores y le regalaron dos canciones a quien tambi\u00e9n es su Patrona.<\/p>\n\n\n\n<p>Al recordar la historia de esta advocaci\u00f3n mariana, monse\u00f1or Giobando destac\u00f3 la especial solicitud de Mar\u00eda para con nuestra Patria, siendo que en el siglo XVII, cuando sucedi\u00f3 el acontecimiento que da origen a la devoci\u00f3n a la \u201cMorenita\u201d del Valle en Catamarca, tambi\u00e9n tuvieron lugar las manifestaciones de Nuestra Se\u00f1ora en Luj\u00e1n, en Itat\u00ed y en Santa Fe -de donde el prelado es oriundo-, lugar en el que se origin\u00f3 la devoci\u00f3n a Nuestra Se\u00f1ora de los Milagros. Asimismo, resalt\u00f3 la importancia de tener a Mar\u00eda por madre, al afirmar \u201cque sentimos que nos faltar\u00eda algo en nuestra devoci\u00f3n, si no tenemos presente a Mar\u00eda.\u201d<\/p>\n\n\n\n<figure class=\"wp-block-image size-large\"><img loading=\"lazy\" width=\"1024\" height=\"576\" src=\"https:\/\/www.obispado-mdp.org.ar\/a\/wp-content\/uploads\/2024\/04\/Catedral-MIsa-2-1024x576.png\" alt=\"\" class=\"wp-image-43578\"\/><\/figure>\n\n\n\n<figure class=\"wp-block-image size-large is-resized\"><img loading=\"lazy\" src=\"https:\/\/www.obispado-mdp.org.ar\/a\/wp-content\/uploads\/2024\/04\/Imagen-de-WhatsApp-2024-04-13-a-las-22.42.49_4e773209-768x1024.jpg\" alt=\"\" class=\"wp-image-43574\" width=\"818\" height=\"1091\"\/><\/figure>\n\n\n\n<figure class=\"wp-block-image size-large is-resized\"><img loading=\"lazy\" src=\"https:\/\/www.obispado-mdp.org.ar\/a\/wp-content\/uploads\/2024\/04\/Imagen-de-WhatsApp-2024-04-13-a-las-22.42.47_42210bff-768x1024.jpg\" alt=\"\" class=\"wp-image-43575\" width=\"818\" height=\"1091\"\/><\/figure>\n\n\n\n<figure class=\"wp-block-image size-large\"><img loading=\"lazy\" width=\"1024\" height=\"576\" src=\"https:\/\/www.obispado-mdp.org.ar\/a\/wp-content\/uploads\/2024\/04\/Catedral-MIsa-1-1024x576.png\" alt=\"\" class=\"wp-image-43577\"\/><\/figure>\n","protected":false},"excerpt":{"rendered":"<p>El segundo s\u00e1bado de Pascua, la Liturgia celebra a la Sant\u00edsima Virgen Mar\u00eda en su advocaci\u00f3n de Nuestra Se\u00f1ora del Valle. En Mar del Plata, la Capilla ubicada en Victoriano Montes al 300, que la tiene como Patrona, la honr\u00f3 con gran devoci\u00f3n, culminando los festejos con la procesi\u00f3n por las calles y la Santa [&hellip;]<\/p>\n","protected":false},"author":4,"featured_media":0,"comment_status":"open","ping_status":"open","sticky":false,"template":"","format":"standard","meta":{"_et_pb_use_builder":"","_et_pb_old_content":"","_et_gb_content_width":""},"categories":[4],"tags":[],"aioseo_notices":[],"_links":{"self":[{"href":"https:\/\/www.obispado-mdp.org.ar\/a\/wp-json\/wp\/v2\/posts\/43572"}],"collection":[{"href":"https:\/\/www.obispado-mdp.org.ar\/a\/wp-json\/wp\/v2\/posts"}],"about":[{"href":"https:\/\/www.obispado-mdp.org.ar\/a\/wp-json\/wp\/v2\/types\/post"}],"author":[{"embeddable":true,"href":"https:\/\/www.obispado-mdp.org.ar\/a\/wp-json\/wp\/v2\/users\/4"}],"replies":[{"embeddable":true,"href":"https:\/\/www.obispado-mdp.org.ar\/a\/wp-json\/wp\/v2\/comments?post=43572"}],"version-history":[{"count":2,"href":"https:\/\/www.obispado-mdp.org.ar\/a\/wp-json\/wp\/v2\/posts\/43572\/revisions"}],"predecessor-version":[{"id":43581,"href":"https:\/\/www.obispado-mdp.org.ar\/a\/wp-json\/wp\/v2\/posts\/43572\/revisions\/43581"}],"wp:attachment":[{"href":"https:\/\/www.obispado-mdp.org.ar\/a\/wp-json\/wp\/v2\/media?parent=43572"}],"wp:term":[{"taxonomy":"category","embeddable":true,"href":"https:\/\/www.obispado-mdp.org.ar\/a\/wp-json\/wp\/v2\/categories?post=43572"},{"taxonomy":"post_tag","embeddable":true,"href":"https:\/\/www.obispado-mdp.org.ar\/a\/wp-json\/wp\/v2\/tags?post=43572"}],"curies":[{"name":"wp","href":"https:\/\/api.w.org\/{rel}","templated":true}]}}