{"id":43582,"date":"2024-04-15T09:39:44","date_gmt":"2024-04-15T12:39:44","guid":{"rendered":"https:\/\/www.obispado-mdp.org.ar\/a\/?p=43582"},"modified":"2024-04-15T09:39:45","modified_gmt":"2024-04-15T12:39:45","slug":"misa-y-festejo-por-los-25-anos-del-secundario-de-la-escuela-san-antonio","status":"publish","type":"post","link":"https:\/\/www.obispado-mdp.org.ar\/a\/misa-y-festejo-por-los-25-anos-del-secundario-de-la-escuela-san-antonio\/","title":{"rendered":"Misa y festejo por los 25 a\u00f1os del Secundario de la Escuela San Antonio"},"content":{"rendered":"\n<p>La comunidad educativa de la \u201cEscuela Parroquial San Antonio\u201d, perteneciente al Obispado de Mar del Plata, celebr\u00f3 los primeros 25 a\u00f1os de la creaci\u00f3n de su secundario. La celebraci\u00f3n comenz\u00f3 con la Santa Misa que el administrador apost\u00f3lico de nuestra di\u00f3cesis, monse\u00f1or Ernesto Giobando sj. presidi\u00f3 en el templo parroquial, ubicado en el Barrio Las Avenidas, de la ciudad de Mar del Plata.&nbsp;<\/p>\n\n\n\n<p>Concelebraron la Eucarist\u00eda el cura p\u00e1rroco de San Antonio, P. Arturo Pessagno y el exp\u00e1rroco P. Silvano de Sarro, actualmente a cargo de la Parroquia San Carlos Borromeo. Asimismo se hicieron presente a trav\u00e9s de sus mensajes los sacerdotes Walter&nbsp; Pereyra, Pablo Boldrini y Pablo Etchepareborda, quienes se desempe\u00f1aron en distintos per\u00edodos como p\u00e1rrocos de esa comunidad. Por su parte, el delegado episcopal de Educaci\u00f3n, P. Juan Cruz Mennilli, se hizo presente en el almuerzo que sigui\u00f3 a la Misa.<\/p>\n\n\n\n<p>En l\u00ednea con el lema que anima a la instituci\u00f3n, monse\u00f1or Giobando los anim\u00f3 a seguir \u201camando y educando\u201d, puntualizando que \u201cel amor que educa es el amor cristiano, aquel que nos hace dar la vida por los dem\u00e1s en el servicio.\u201d Asimismo, destac\u00f3 que \u201cla evangelizaci\u00f3n es esencial en la escuela cat\u00f3lica.\u201d Finalmente, comentando las lecturas b\u00edblicas de la liturgia del III Domingo de Pascua, exhort\u00f3: \u201cCristo resucitado vive entre nosotros y nos llama a ser sus testigos.\u201d<\/p>\n\n\n\n<p>Finalizada la celebraci\u00f3n en el templo, los festejos se trasladaron a la escuela, donde se comparti\u00f3 un almuerzo en el que no faltaron momentos emotivos, recordando el cuarto de siglo de historia de la instituci\u00f3n.<\/p>\n\n\n\n<figure class=\"wp-block-image size-large\"><img loading=\"lazy\" width=\"1024\" height=\"845\" src=\"https:\/\/www.obispado-mdp.org.ar\/a\/wp-content\/uploads\/2024\/04\/Imagen-de-WhatsApp-2024-04-15-a-las-00.49.28_526c2995-1024x845.jpg\" alt=\"\" class=\"wp-image-43583\"\/><\/figure>\n\n\n\n<figure class=\"wp-block-image size-large is-resized\"><img loading=\"lazy\" src=\"https:\/\/www.obispado-mdp.org.ar\/a\/wp-content\/uploads\/2024\/04\/Imagen-de-WhatsApp-2024-04-14-a-las-20.15.29_c5cc11ed-768x1024.jpg\" alt=\"\" class=\"wp-image-43584\" width=\"821\" height=\"1095\"\/><\/figure>\n\n\n\n<figure class=\"wp-block-image size-large\"><img loading=\"lazy\" width=\"1024\" height=\"768\" src=\"https:\/\/www.obispado-mdp.org.ar\/a\/wp-content\/uploads\/2024\/04\/Imagen-de-WhatsApp-2024-04-14-a-las-20.15.30_6aaea7d9-1024x768.jpg\" alt=\"\" class=\"wp-image-43585\"\/><\/figure>\n","protected":false},"excerpt":{"rendered":"<p>La comunidad educativa de la \u201cEscuela Parroquial San Antonio\u201d, perteneciente al Obispado de Mar del Plata, celebr\u00f3 los primeros 25 a\u00f1os de la creaci\u00f3n de su secundario. La celebraci\u00f3n comenz\u00f3 con la Santa Misa que el administrador apost\u00f3lico de nuestra di\u00f3cesis, monse\u00f1or Ernesto Giobando sj. presidi\u00f3 en el templo parroquial, ubicado en el Barrio Las [&hellip;]<\/p>\n","protected":false},"author":4,"featured_media":0,"comment_status":"open","ping_status":"open","sticky":false,"template":"","format":"standard","meta":{"_et_pb_use_builder":"","_et_pb_old_content":"","_et_gb_content_width":""},"categories":[4],"tags":[],"aioseo_notices":[],"_links":{"self":[{"href":"https:\/\/www.obispado-mdp.org.ar\/a\/wp-json\/wp\/v2\/posts\/43582"}],"collection":[{"href":"https:\/\/www.obispado-mdp.org.ar\/a\/wp-json\/wp\/v2\/posts"}],"about":[{"href":"https:\/\/www.obispado-mdp.org.ar\/a\/wp-json\/wp\/v2\/types\/post"}],"author":[{"embeddable":true,"href":"https:\/\/www.obispado-mdp.org.ar\/a\/wp-json\/wp\/v2\/users\/4"}],"replies":[{"embeddable":true,"href":"https:\/\/www.obispado-mdp.org.ar\/a\/wp-json\/wp\/v2\/comments?post=43582"}],"version-history":[{"count":1,"href":"https:\/\/www.obispado-mdp.org.ar\/a\/wp-json\/wp\/v2\/posts\/43582\/revisions"}],"predecessor-version":[{"id":43586,"href":"https:\/\/www.obispado-mdp.org.ar\/a\/wp-json\/wp\/v2\/posts\/43582\/revisions\/43586"}],"wp:attachment":[{"href":"https:\/\/www.obispado-mdp.org.ar\/a\/wp-json\/wp\/v2\/media?parent=43582"}],"wp:term":[{"taxonomy":"category","embeddable":true,"href":"https:\/\/www.obispado-mdp.org.ar\/a\/wp-json\/wp\/v2\/categories?post=43582"},{"taxonomy":"post_tag","embeddable":true,"href":"https:\/\/www.obispado-mdp.org.ar\/a\/wp-json\/wp\/v2\/tags?post=43582"}],"curies":[{"name":"wp","href":"https:\/\/api.w.org\/{rel}","templated":true}]}}