{"id":43600,"date":"2024-04-22T08:28:46","date_gmt":"2024-04-22T11:28:46","guid":{"rendered":"https:\/\/www.obispado-mdp.org.ar\/a\/?p=43600"},"modified":"2024-04-22T08:28:46","modified_gmt":"2024-04-22T11:28:46","slug":"se-celebro-la-jornada-del-buen-pastor","status":"publish","type":"post","link":"https:\/\/www.obispado-mdp.org.ar\/a\/se-celebro-la-jornada-del-buen-pastor\/","title":{"rendered":"Se celebr\u00f3 la Jornada del Buen Pastor"},"content":{"rendered":"\n<p class=\"has-white-color has-pale-cyan-blue-background-color has-text-color has-background has-medium-font-size\"><strong>Con Jes\u00fas Buen Pastor, peregrinos de esperanza<\/strong><\/p>\n\n\n\n<p><\/p>\n\n\n\n<p>J\u00f3venes de la di\u00f3cesis participaron, en el Monasterio de las Hermanas Carmelitas, de la tradicional Jornada del Buen Pastor, organizada por la Pastoral Vocacional Diocesana. Este a\u00f1o, con el lema \u201cCon Jes\u00fas Buen Pastor, peregrinos de esperanza\u201d. El encuentro se dio en el marco de la Jornada Mundial de Oraci\u00f3n por las Vocaciones, en la que el Santo Padre dirigi\u00f3 un mensaje que tiene por t\u00edtulo \u201cLlamados a sembrar la esperanza y a construir la paz\u201d.<\/p>\n\n\n\n<p>La Jornada en nuestra di\u00f3cesis tuvo momentos recreativos en los que los j\u00f3venes de las distintas comunidades se pudieron integrar, como as\u00ed tambi\u00e9n testimonios de personas que viven los distintos estados de vida, y momentos de trabajo grupal.<\/p>\n\n\n\n<p>La Eucarist\u00eda fue celebrada como cierre del encuentro, y estuvo presidida por el administrador apost\u00f3lico de la di\u00f3cesis, monse\u00f1or Ernesto Giobando. En su homil\u00eda el prelado comenz\u00f3 agradeciendo a la Pastoral Vocacional y a las Hermanas Carmelitas, destacando que \u201cel Carmelo nos ayuda a ubicarnos, ya que el Carmelo en una di\u00f3cesis es como una br\u00fajula: nos ayuda la presencia y la oraci\u00f3n de las hermanas para ir encontrando nuestro camino. Ellas ac\u00e1 encontraron a Jes\u00fas.\u201d<\/p>\n\n\n\n<p>Y agreg\u00f3 \u201cen realidad es Jes\u00fas el que nos encuentra a nosotros porque una cosa es salir a buscar al Se\u00f1or y otra dejarnos encontrar por \u00c9l. Porque vino del cielo a ser pescador de hombres, y encontr\u00f3 unos primeros pescadores y les dijo \u2018s\u00edgueme\u2019 y le dijo a Pedro \u2018te har\u00e9 pescador de hombres\u2019.\u201d<\/p>\n\n\n\n<p>Asimismo, monse\u00f1or Giobando cont\u00f3 \u201ccuando voy al mar -trato de ir todos los d\u00edas- pienso en Jes\u00fas en la orilla del mar, y aunque hoy la gente a veces est\u00e1 en otra, sabemos que el Se\u00f1or se las arregla\u201d. \u201c\u00c9l no nos pesca para una ONG o un trabajo, no nos pesca para ser asalariados sino para entregarnos a los dem\u00e1s\u201d, agreg\u00f3.<\/p>\n\n\n\n<p>Y explic\u00f3: \u201cadem\u00e1s de pescador es Buen Pastor. El Buen Pastor nos dice el Evangelio de Juan es el que da su vida por las ovejas, y \u00bfqu\u00e9 es dar la vida? es amarnos los unos a los otros. Jes\u00fas nos da la vida en abundancia.\u201d<\/p>\n\n\n\n<p>En otro pasaje de su pr\u00e9dica, el Administrador Apost\u00f3lico se refiri\u00f3 al Mensaje del Papa para esta Jornada, destacando la invitaci\u00f3n a peregrinar. \u201cTenemos que peregrinar, no deambular, y hoy vemos muchos j\u00f3venes que deambulan. \u00bfQu\u00e9 es deambular? Es levantarme sin tener d\u00f3nde ir m\u00e1s que a callejear. Jes\u00fas nos invita a seguirlo, y seguirlo es peregrinar, y eso es algo que hacemos con los otros: peregrinamos en comunidad.\u201d Siguiendo el lema de la Jornada, puntualiz\u00f3 \u201cperegrinamos en la esperanza, esa gracia que nos da siempre luz para seguir caminando.\u201d<\/p>\n\n\n\n<p>Dirigi\u00e9ndose a los j\u00f3venes les dijo \u201ctodos tenemos una historia; Santa Teresita, una carmelita, hablaba de la historia de un alma. Cada uno de nosotros tiene una historia y en alg\u00fan momento interviene el Se\u00f1or y hay que escuchar.\u201d<\/p>\n\n\n\n<p>Finalmente les comparti\u00f3 su testimonio al relatar que \u201ccuando ten\u00eda 15 a\u00f1os vi la vocaci\u00f3n con claridad, sobre todo meditando Mateo 25 y las Bienaventuranzas, y me acerqu\u00e9 a un jesuita, Bergoglio, pero a\u00fan era chico as\u00ed que esper\u00e9 y a los 18 a\u00f1os entr\u00e9 al Noviciado de la Compa\u00f1\u00eda de Jes\u00fas. Y el Se\u00f1or no se echa atr\u00e1s, no se desdice, da la mano para responder.\u201d Y exclam\u00f3 \u201c\u00a1decirle que s\u00ed a Jes\u00fas es lo m\u00e1s grande que hay! Decirle \u2018te sigo donde quieras, en cualquier circunstancia, en la fama y en la ignominia\u2019, que es cuando las cosas no te salen bien o hablan mal de vos, pero hay que seguirlo siempre, porque es nuestro Buen Pastor.\u201d<\/p>\n\n\n\n<figure class=\"wp-block-image size-large\"><img loading=\"lazy\" width=\"1024\" height=\"1024\" src=\"https:\/\/www.obispado-mdp.org.ar\/a\/wp-content\/uploads\/2024\/04\/Diseno-sin-titulo-1024x1024.png\" alt=\"\" class=\"wp-image-43601\"\/><\/figure>\n\n\n\n<figure class=\"wp-block-image size-large\"><img loading=\"lazy\" width=\"1024\" height=\"768\" src=\"https:\/\/www.obispado-mdp.org.ar\/a\/wp-content\/uploads\/2024\/04\/Imagen-de-WhatsApp-2024-04-21-a-las-21.50.10_7b53bd8e-1024x768.jpg\" alt=\"\" class=\"wp-image-43602\"\/><\/figure>\n\n\n\n<figure class=\"wp-block-image size-large\"><img loading=\"lazy\" width=\"1024\" height=\"608\" src=\"https:\/\/www.obispado-mdp.org.ar\/a\/wp-content\/uploads\/2024\/04\/Imagen-de-WhatsApp-2024-04-21-a-las-21.50.11_a35407bb-1024x608.jpg\" alt=\"\" class=\"wp-image-43603\"\/><\/figure>\n","protected":false},"excerpt":{"rendered":"<p>Con Jes\u00fas Buen Pastor, peregrinos de esperanza J\u00f3venes de la di\u00f3cesis participaron, en el Monasterio de las Hermanas Carmelitas, de la tradicional Jornada del Buen Pastor, organizada por la Pastoral Vocacional Diocesana. Este a\u00f1o, con el lema \u201cCon Jes\u00fas Buen Pastor, peregrinos de esperanza\u201d. El encuentro se dio en el marco de la Jornada Mundial [&hellip;]<\/p>\n","protected":false},"author":4,"featured_media":0,"comment_status":"open","ping_status":"open","sticky":false,"template":"","format":"standard","meta":{"_et_pb_use_builder":"","_et_pb_old_content":"","_et_gb_content_width":""},"categories":[4],"tags":[],"aioseo_notices":[],"_links":{"self":[{"href":"https:\/\/www.obispado-mdp.org.ar\/a\/wp-json\/wp\/v2\/posts\/43600"}],"collection":[{"href":"https:\/\/www.obispado-mdp.org.ar\/a\/wp-json\/wp\/v2\/posts"}],"about":[{"href":"https:\/\/www.obispado-mdp.org.ar\/a\/wp-json\/wp\/v2\/types\/post"}],"author":[{"embeddable":true,"href":"https:\/\/www.obispado-mdp.org.ar\/a\/wp-json\/wp\/v2\/users\/4"}],"replies":[{"embeddable":true,"href":"https:\/\/www.obispado-mdp.org.ar\/a\/wp-json\/wp\/v2\/comments?post=43600"}],"version-history":[{"count":1,"href":"https:\/\/www.obispado-mdp.org.ar\/a\/wp-json\/wp\/v2\/posts\/43600\/revisions"}],"predecessor-version":[{"id":43604,"href":"https:\/\/www.obispado-mdp.org.ar\/a\/wp-json\/wp\/v2\/posts\/43600\/revisions\/43604"}],"wp:attachment":[{"href":"https:\/\/www.obispado-mdp.org.ar\/a\/wp-json\/wp\/v2\/media?parent=43600"}],"wp:term":[{"taxonomy":"category","embeddable":true,"href":"https:\/\/www.obispado-mdp.org.ar\/a\/wp-json\/wp\/v2\/categories?post=43600"},{"taxonomy":"post_tag","embeddable":true,"href":"https:\/\/www.obispado-mdp.org.ar\/a\/wp-json\/wp\/v2\/tags?post=43600"}],"curies":[{"name":"wp","href":"https:\/\/api.w.org\/{rel}","templated":true}]}}