{"id":43606,"date":"2024-04-26T09:43:15","date_gmt":"2024-04-26T12:43:15","guid":{"rendered":"https:\/\/www.obispado-mdp.org.ar\/a\/?p=43606"},"modified":"2024-04-26T09:46:12","modified_gmt":"2024-04-26T12:46:12","slug":"procesion-y-misa-por-san-marcos","status":"publish","type":"post","link":"https:\/\/www.obispado-mdp.org.ar\/a\/procesion-y-misa-por-san-marcos\/","title":{"rendered":"Procesi\u00f3n y Misa por San Marcos"},"content":{"rendered":"\n<p><\/p>\n\n\n\n<p><\/p>\n\n\n\n<p>Este 25 de abril, fiesta lit\u00fargica de San Marcos evangelista, la Parroquia que lo tiene por Patrono celebr\u00f3 su Fiesta Patronal.<\/p>\n\n\n\n<p>El administrador apost\u00f3lico, monse\u00f1or Ernesto Giobando, se hizo presente en la celebraci\u00f3n, que comenz\u00f3 con la procesi\u00f3n desde el templo parroquial, ubicado en la calle Canad\u00e1 entre Moreno y Belgrano, en el barrio Jorge Newbery de la ciudad de Mar del Plata.<\/p>\n\n\n\n<p>Luego de recorrer con la imagen del santo distintos puntos de la jurisdicci\u00f3n parroquial con cantos y momentos de oraci\u00f3n, se arrib\u00f3 nuevamente al templo, donde tuvo lugar la Santa Misa, que presidi\u00f3 el Administrador Apost\u00f3lico y concelebr\u00f3 el cura p\u00e1rroco, presb\u00edtero Alberto Abelda\u00f1o.<\/p>\n\n\n\n<figure class=\"wp-block-image size-large\"><img loading=\"lazy\" width=\"1024\" height=\"576\" src=\"https:\/\/www.obispado-mdp.org.ar\/a\/wp-content\/uploads\/2024\/04\/mensaje-de-mons.giobando-1-1024x576.png\" alt=\"\" class=\"wp-image-43610\"\/><\/figure>\n","protected":false},"excerpt":{"rendered":"<p>Este 25 de abril, fiesta lit\u00fargica de San Marcos evangelista, la Parroquia que lo tiene por Patrono celebr\u00f3 su Fiesta Patronal. El administrador apost\u00f3lico, monse\u00f1or Ernesto Giobando, se hizo presente en la celebraci\u00f3n, que comenz\u00f3 con la procesi\u00f3n desde el templo parroquial, ubicado en la calle Canad\u00e1 entre Moreno y Belgrano, en el barrio Jorge [&hellip;]<\/p>\n","protected":false},"author":4,"featured_media":0,"comment_status":"open","ping_status":"open","sticky":false,"template":"","format":"standard","meta":{"_et_pb_use_builder":"","_et_pb_old_content":"","_et_gb_content_width":""},"categories":[4],"tags":[],"aioseo_notices":[],"_links":{"self":[{"href":"https:\/\/www.obispado-mdp.org.ar\/a\/wp-json\/wp\/v2\/posts\/43606"}],"collection":[{"href":"https:\/\/www.obispado-mdp.org.ar\/a\/wp-json\/wp\/v2\/posts"}],"about":[{"href":"https:\/\/www.obispado-mdp.org.ar\/a\/wp-json\/wp\/v2\/types\/post"}],"author":[{"embeddable":true,"href":"https:\/\/www.obispado-mdp.org.ar\/a\/wp-json\/wp\/v2\/users\/4"}],"replies":[{"embeddable":true,"href":"https:\/\/www.obispado-mdp.org.ar\/a\/wp-json\/wp\/v2\/comments?post=43606"}],"version-history":[{"count":3,"href":"https:\/\/www.obispado-mdp.org.ar\/a\/wp-json\/wp\/v2\/posts\/43606\/revisions"}],"predecessor-version":[{"id":43611,"href":"https:\/\/www.obispado-mdp.org.ar\/a\/wp-json\/wp\/v2\/posts\/43606\/revisions\/43611"}],"wp:attachment":[{"href":"https:\/\/www.obispado-mdp.org.ar\/a\/wp-json\/wp\/v2\/media?parent=43606"}],"wp:term":[{"taxonomy":"category","embeddable":true,"href":"https:\/\/www.obispado-mdp.org.ar\/a\/wp-json\/wp\/v2\/categories?post=43606"},{"taxonomy":"post_tag","embeddable":true,"href":"https:\/\/www.obispado-mdp.org.ar\/a\/wp-json\/wp\/v2\/tags?post=43606"}],"curies":[{"name":"wp","href":"https:\/\/api.w.org\/{rel}","templated":true}]}}