{"id":43612,"date":"2024-04-28T11:06:34","date_gmt":"2024-04-28T14:06:34","guid":{"rendered":"https:\/\/www.obispado-mdp.org.ar\/a\/?p=43612"},"modified":"2024-04-28T13:39:56","modified_gmt":"2024-04-28T16:39:56","slug":"encuentro-pastoral-en-la-zona-norte-de-la-diocesis-con-la-presencia-del-administrador-apostolico","status":"publish","type":"post","link":"https:\/\/www.obispado-mdp.org.ar\/a\/encuentro-pastoral-en-la-zona-norte-de-la-diocesis-con-la-presencia-del-administrador-apostolico\/","title":{"rendered":"Encuentro Pastoral en la zona norte de la di\u00f3cesis, con la presencia del Administrador Apost\u00f3lico"},"content":{"rendered":"\n<p>Las Parroquias que integran el Decanato 6 (Inmaculada Concepci\u00f3n de Villa Gesell, Ntra. Sra. de la Paz de Pinamar y Sagrado Coraz\u00f3n de Jes\u00fas de Gral. Madariaga) organizaron el 2do. Encuentro Pascual de Pastoral Zonal, en el que los fieles del norte de nuestra di\u00f3cesis pudieron rezar juntos y discernir los desaf\u00edos pastorales, en el marco del tiempo pascual.<\/p>\n\n\n\n<p>Monse\u00f1or Ernesto Giobando particip\u00f3 del encuentro, en el que pudo interiorizarse sobre la vida de la Iglesia Diocesana en esa porci\u00f3n del amplio territorio de la misma, que abarca nueve partidos.<\/p>\n\n\n\n<figure class=\"wp-block-image size-large\"><img loading=\"lazy\" width=\"1024\" height=\"576\" src=\"https:\/\/www.obispado-mdp.org.ar\/a\/wp-content\/uploads\/2024\/04\/mensaje-de-mons.giobando-3-1024x576.png\" alt=\"\" class=\"wp-image-43618\"\/><\/figure>\n","protected":false},"excerpt":{"rendered":"<p>Las Parroquias que integran el Decanato 6 (Inmaculada Concepci\u00f3n de Villa Gesell, Ntra. Sra. de la Paz de Pinamar y Sagrado Coraz\u00f3n de Jes\u00fas de Gral. Madariaga) organizaron el 2do. Encuentro Pascual de Pastoral Zonal, en el que los fieles del norte de nuestra di\u00f3cesis pudieron rezar juntos y discernir los desaf\u00edos pastorales, en el [&hellip;]<\/p>\n","protected":false},"author":4,"featured_media":0,"comment_status":"open","ping_status":"open","sticky":false,"template":"","format":"standard","meta":{"_et_pb_use_builder":"","_et_pb_old_content":"","_et_gb_content_width":""},"categories":[4],"tags":[],"aioseo_notices":[],"_links":{"self":[{"href":"https:\/\/www.obispado-mdp.org.ar\/a\/wp-json\/wp\/v2\/posts\/43612"}],"collection":[{"href":"https:\/\/www.obispado-mdp.org.ar\/a\/wp-json\/wp\/v2\/posts"}],"about":[{"href":"https:\/\/www.obispado-mdp.org.ar\/a\/wp-json\/wp\/v2\/types\/post"}],"author":[{"embeddable":true,"href":"https:\/\/www.obispado-mdp.org.ar\/a\/wp-json\/wp\/v2\/users\/4"}],"replies":[{"embeddable":true,"href":"https:\/\/www.obispado-mdp.org.ar\/a\/wp-json\/wp\/v2\/comments?post=43612"}],"version-history":[{"count":2,"href":"https:\/\/www.obispado-mdp.org.ar\/a\/wp-json\/wp\/v2\/posts\/43612\/revisions"}],"predecessor-version":[{"id":43620,"href":"https:\/\/www.obispado-mdp.org.ar\/a\/wp-json\/wp\/v2\/posts\/43612\/revisions\/43620"}],"wp:attachment":[{"href":"https:\/\/www.obispado-mdp.org.ar\/a\/wp-json\/wp\/v2\/media?parent=43612"}],"wp:term":[{"taxonomy":"category","embeddable":true,"href":"https:\/\/www.obispado-mdp.org.ar\/a\/wp-json\/wp\/v2\/categories?post=43612"},{"taxonomy":"post_tag","embeddable":true,"href":"https:\/\/www.obispado-mdp.org.ar\/a\/wp-json\/wp\/v2\/tags?post=43612"}],"curies":[{"name":"wp","href":"https:\/\/api.w.org\/{rel}","templated":true}]}}