{"id":43621,"date":"2024-04-29T22:12:03","date_gmt":"2024-04-30T01:12:03","guid":{"rendered":"https:\/\/www.obispado-mdp.org.ar\/a\/?p=43621"},"modified":"2024-04-29T22:12:05","modified_gmt":"2024-04-30T01:12:05","slug":"festejos-en-honor-a-san-jorge-en-el-puerto-de-mar-del-plata","status":"publish","type":"post","link":"https:\/\/www.obispado-mdp.org.ar\/a\/festejos-en-honor-a-san-jorge-en-el-puerto-de-mar-del-plata\/","title":{"rendered":"Festejos en Honor a San Jorge en el Puerto de Mar del Plata"},"content":{"rendered":"\n<p><\/p>\n\n\n\n<p>Luego de varios d\u00edas con distintas celebraciones y actividades, concluyeron los festejos en honor a San Jorge, Patrono de la colectividad de Testaccio D\u2019Ischia. Como cada a\u00f1o, los fieles que se congregaron en la Parroquia Sagrada Familia y San Luis Orione, en el Puerto de Mar del Plata, mantuvieron intacta la tradicional devoci\u00f3n, que una vez m\u00e1s fue acompa\u00f1ada por gran n\u00famero de devotos.<\/p>\n\n\n\n<p>Los actos centrales tuvieron lugar el domingo 28, con la Santa Misa que presidi\u00f3 a las 11 horas el administrador apost\u00f3lico de la di\u00f3cesis, monse\u00f1or Ernesto Giobando sj. y la procesi\u00f3n que se llev\u00f3 a cabo por la tarde, y que lleg\u00f3 hasta la banquina de pescadores, para concluir en el templo parroquial, donde se imparti\u00f3 la bendici\u00f3n eucar\u00edstica.<\/p>\n\n\n\n<p>Monse\u00f1or Giobando en su homil\u00eda resalt\u00f3 las virtudes de San Jorge, m\u00e1rtir del siglo III, y pidi\u00f3 que su intercesi\u00f3n nos acompa\u00f1e para vivir hoy con valent\u00eda nuestra fe.<\/p>\n\n\n\n<figure class=\"wp-block-image size-large is-resized\"><img loading=\"lazy\" src=\"https:\/\/www.obispado-mdp.org.ar\/a\/wp-content\/uploads\/2024\/04\/mensaje-de-mons.giobando-3-1-1024x576.png\" alt=\"\" class=\"wp-image-43622\" width=\"797\" height=\"447\"\/><\/figure>\n\n\n\n<figure class=\"wp-block-image size-large is-resized\"><img loading=\"lazy\" src=\"https:\/\/www.obispado-mdp.org.ar\/a\/wp-content\/uploads\/2024\/04\/Imagen-de-WhatsApp-2024-04-28-a-las-11.12.23_a349a973-1-1024x768.jpg\" alt=\"\" class=\"wp-image-43631\" width=\"794\" height=\"595\"\/><\/figure>\n\n\n\n<figure class=\"wp-block-image size-large is-resized\"><img loading=\"lazy\" src=\"https:\/\/www.obispado-mdp.org.ar\/a\/wp-content\/uploads\/2024\/04\/Imagen-de-WhatsApp-2024-04-28-a-las-11.44.21_19174628-1024x768.jpg\" alt=\"\" class=\"wp-image-43624\" width=\"794\" height=\"595\"\/><\/figure>\n\n\n\n<figure class=\"wp-block-image size-large is-resized\"><img loading=\"lazy\" src=\"https:\/\/www.obispado-mdp.org.ar\/a\/wp-content\/uploads\/2024\/04\/Imagen-de-WhatsApp-2024-04-28-a-las-11.44.21_122895d8-1024x768.jpg\" alt=\"\" class=\"wp-image-43625\" width=\"800\" height=\"599\"\/><\/figure>\n\n\n\n<figure class=\"wp-block-image size-large is-resized\"><img loading=\"lazy\" src=\"https:\/\/www.obispado-mdp.org.ar\/a\/wp-content\/uploads\/2024\/04\/Imagen-de-WhatsApp-2024-04-28-a-las-11.12.23_6f3167d2-1024x768.jpg\" alt=\"\" class=\"wp-image-43626\" width=\"799\" height=\"599\"\/><\/figure>\n\n\n\n<figure class=\"wp-block-image size-large is-resized\"><img loading=\"lazy\" src=\"https:\/\/www.obispado-mdp.org.ar\/a\/wp-content\/uploads\/2024\/04\/Imagen-de-WhatsApp-2024-04-28-a-las-11.12.23_76a7d375-1024x768.jpg\" alt=\"\" class=\"wp-image-43632\" width=\"799\" height=\"598\"\/><\/figure>\n\n\n\n<figure class=\"wp-block-image size-large is-resized\"><img loading=\"lazy\" src=\"https:\/\/www.obispado-mdp.org.ar\/a\/wp-content\/uploads\/2024\/04\/Imagen-de-WhatsApp-2024-04-28-a-las-11.29.28_a779d6e1-1-1024x768.jpg\" alt=\"\" class=\"wp-image-43635\" width=\"798\" height=\"598\"\/><\/figure>\n","protected":false},"excerpt":{"rendered":"<p>Luego de varios d\u00edas con distintas celebraciones y actividades, concluyeron los festejos en honor a San Jorge, Patrono de la colectividad de Testaccio D\u2019Ischia. Como cada a\u00f1o, los fieles que se congregaron en la Parroquia Sagrada Familia y San Luis Orione, en el Puerto de Mar del Plata, mantuvieron intacta la tradicional devoci\u00f3n, que una [&hellip;]<\/p>\n","protected":false},"author":4,"featured_media":0,"comment_status":"open","ping_status":"open","sticky":false,"template":"","format":"standard","meta":{"_et_pb_use_builder":"","_et_pb_old_content":"","_et_gb_content_width":""},"categories":[4],"tags":[],"aioseo_notices":[],"_links":{"self":[{"href":"https:\/\/www.obispado-mdp.org.ar\/a\/wp-json\/wp\/v2\/posts\/43621"}],"collection":[{"href":"https:\/\/www.obispado-mdp.org.ar\/a\/wp-json\/wp\/v2\/posts"}],"about":[{"href":"https:\/\/www.obispado-mdp.org.ar\/a\/wp-json\/wp\/v2\/types\/post"}],"author":[{"embeddable":true,"href":"https:\/\/www.obispado-mdp.org.ar\/a\/wp-json\/wp\/v2\/users\/4"}],"replies":[{"embeddable":true,"href":"https:\/\/www.obispado-mdp.org.ar\/a\/wp-json\/wp\/v2\/comments?post=43621"}],"version-history":[{"count":5,"href":"https:\/\/www.obispado-mdp.org.ar\/a\/wp-json\/wp\/v2\/posts\/43621\/revisions"}],"predecessor-version":[{"id":43636,"href":"https:\/\/www.obispado-mdp.org.ar\/a\/wp-json\/wp\/v2\/posts\/43621\/revisions\/43636"}],"wp:attachment":[{"href":"https:\/\/www.obispado-mdp.org.ar\/a\/wp-json\/wp\/v2\/media?parent=43621"}],"wp:term":[{"taxonomy":"category","embeddable":true,"href":"https:\/\/www.obispado-mdp.org.ar\/a\/wp-json\/wp\/v2\/categories?post=43621"},{"taxonomy":"post_tag","embeddable":true,"href":"https:\/\/www.obispado-mdp.org.ar\/a\/wp-json\/wp\/v2\/tags?post=43621"}],"curies":[{"name":"wp","href":"https:\/\/api.w.org\/{rel}","templated":true}]}}