{"id":43646,"date":"2024-07-04T18:30:00","date_gmt":"2024-07-04T21:30:00","guid":{"rendered":"https:\/\/www.obispado-mdp.org.ar\/a\/?p=43646"},"modified":"2024-05-02T08:33:21","modified_gmt":"2024-05-02T11:33:21","slug":"evangelio-segun-san-mateo-99-13-7","status":"publish","type":"post","link":"https:\/\/www.obispado-mdp.org.ar\/a\/evangelio-segun-san-mateo-99-13-7\/","title":{"rendered":"Evangelio seg\u00fan\u00a0San Mateo\u00a09,9-13."},"content":{"rendered":"\n<p>Jes\u00fas, al pasar, vio a un hombre llamado Mateo, que estaba sentado a la mesa de recaudaci\u00f3n de impuestos, y le dijo: \u00abS\u00edgueme\u00bb. El se levant\u00f3 y lo sigui\u00f3.<br>Mientras Jes\u00fas estaba comiendo en la casa, acudieron muchos publicanos y pecadores, y se sentaron a comer con \u00e9l y sus disc\u00edpulos.<br>Al ver esto, los fariseos dijeron a los disc\u00edpulos: \u00ab\u00bfPor qu\u00e9 su Maestro come con publicanos y pecadores?\u00bb.<br>Jes\u00fas, que hab\u00eda o\u00eddo, respondi\u00f3: \u00abNo son los sanos los que tienen necesidad del m\u00e9dico, sino los enfermos.<br>Vayan y aprendan qu\u00e9 significa: Yo quiero misericordia y no sacrificios. Porque yo no he venido a llamar a los justos, sino a los pecadores\u00bb.<\/p>\n\n\n\n<p class=\"has-text-align-right\"><em>Extra\u00eddo de la Biblia: Libro del Pueblo de Dios. <\/em><\/p>\n","protected":false},"excerpt":{"rendered":"<p>Jes\u00fas, al pasar, vio a un hombre llamado Mateo, que estaba sentado a la mesa de recaudaci\u00f3n de impuestos, y le dijo: \u00abS\u00edgueme\u00bb. El se levant\u00f3 y lo sigui\u00f3.Mientras Jes\u00fas estaba comiendo en la casa, acudieron muchos publicanos y pecadores, y se sentaron a comer con \u00e9l y sus disc\u00edpulos.Al ver esto, los fariseos dijeron [&hellip;]<\/p>\n","protected":false},"author":3,"featured_media":31455,"comment_status":"open","ping_status":"closed","sticky":false,"template":"","format":"standard","meta":{"_et_pb_use_builder":"off","_et_pb_old_content":"<!-- wp:paragraph -->\n<p> Al atardecer de ese mismo d\u00eda, el primero de la semana, estando cerradas las puertas del lugar donde se encontraban los disc\u00edpulos, por temor a los jud\u00edos, lleg\u00f3 Jes\u00fas y poni\u00e9ndose en medio de ellos, les dijo: \"\u00a1La paz est\u00e9 con ustedes!\".<br>Mientras dec\u00eda esto, les mostr\u00f3 sus manos y su costado. Los disc\u00edpulos se llenaron de alegr\u00eda cuando vieron al Se\u00f1or.<br>Jes\u00fas les dijo de nuevo: \"\u00a1La paz est\u00e9 con ustedes! Como el Padre me envi\u00f3 a m\u00ed, yo tambi\u00e9n los env\u00edo a ustedes\".<br>Al decirles esto, sopl\u00f3 sobre ellos y a\u00f1adi\u00f3: \"Reciban el Esp\u00edritu Santo.<br>Los pecados ser\u00e1n perdonados a los que ustedes se los perdonen, y ser\u00e1n retenidos a los que ustedes se los retengan\". <\/p>\n<!-- \/wp:paragraph -->\n\n<!-- wp:paragraph {\"align\":\"right\"} -->\n<p class=\"has-text-align-right\"><em>Extra\u00eddo de la Biblia: Libro del Pueblo de Dios. <\/em><\/p>\n<!-- \/wp:paragraph -->","_et_gb_content_width":""},"categories":[6],"tags":[],"aioseo_notices":[],"_links":{"self":[{"href":"https:\/\/www.obispado-mdp.org.ar\/a\/wp-json\/wp\/v2\/posts\/43646"}],"collection":[{"href":"https:\/\/www.obispado-mdp.org.ar\/a\/wp-json\/wp\/v2\/posts"}],"about":[{"href":"https:\/\/www.obispado-mdp.org.ar\/a\/wp-json\/wp\/v2\/types\/post"}],"author":[{"embeddable":true,"href":"https:\/\/www.obispado-mdp.org.ar\/a\/wp-json\/wp\/v2\/users\/3"}],"replies":[{"embeddable":true,"href":"https:\/\/www.obispado-mdp.org.ar\/a\/wp-json\/wp\/v2\/comments?post=43646"}],"version-history":[{"count":1,"href":"https:\/\/www.obispado-mdp.org.ar\/a\/wp-json\/wp\/v2\/posts\/43646\/revisions"}],"predecessor-version":[{"id":43647,"href":"https:\/\/www.obispado-mdp.org.ar\/a\/wp-json\/wp\/v2\/posts\/43646\/revisions\/43647"}],"wp:featuredmedia":[{"embeddable":true,"href":"https:\/\/www.obispado-mdp.org.ar\/a\/wp-json\/wp\/v2\/media\/31455"}],"wp:attachment":[{"href":"https:\/\/www.obispado-mdp.org.ar\/a\/wp-json\/wp\/v2\/media?parent=43646"}],"wp:term":[{"taxonomy":"category","embeddable":true,"href":"https:\/\/www.obispado-mdp.org.ar\/a\/wp-json\/wp\/v2\/categories?post=43646"},{"taxonomy":"post_tag","embeddable":true,"href":"https:\/\/www.obispado-mdp.org.ar\/a\/wp-json\/wp\/v2\/tags?post=43646"}],"curies":[{"name":"wp","href":"https:\/\/api.w.org\/{rel}","templated":true}]}}