{"id":43650,"date":"2024-07-06T18:30:00","date_gmt":"2024-07-06T21:30:00","guid":{"rendered":"https:\/\/www.obispado-mdp.org.ar\/a\/?p=43650"},"modified":"2024-05-02T08:35:31","modified_gmt":"2024-05-02T11:35:31","slug":"evangelio-segun-san-marcos-61-6a","status":"publish","type":"post","link":"https:\/\/www.obispado-mdp.org.ar\/a\/evangelio-segun-san-marcos-61-6a\/","title":{"rendered":"Evangelio seg\u00fan\u00a0San Marcos\u00a06,1-6a."},"content":{"rendered":"\n<p>Jes\u00fas sali\u00f3 de all\u00ed y se dirigi\u00f3 a su pueblo, seguido de sus disc\u00edpulos.<br>Cuando lleg\u00f3 el s\u00e1bado, comenz\u00f3 a ense\u00f1ar en la sinagoga, y la multitud que lo escuchaba estaba asombrada y dec\u00eda: \u00ab\u00bfDe d\u00f3nde saca todo esto? \u00bfQu\u00e9 sabidur\u00eda es esa que le ha sido dada y esos grandes milagros que se realizan por sus manos?<br>\u00bfNo es acaso el carpintero, el hijo de Mar\u00eda, hermano de Santiago, de Jos\u00e9, de Judas y de Sim\u00f3n? \u00bfY sus hermanas no viven aqu\u00ed entre nosotros?\u00bb. Y Jes\u00fas era para ellos un motivo de tropiezo.<br>Por eso les dijo: \u00abUn profeta es despreciado solamente en su pueblo, en su familia y en su casa\u00bb.<br>Y no pudo hacer all\u00ed ning\u00fan milagro, fuera de curar a unos pocos enfermos, imponi\u00e9ndoles las manos.<br>Y \u00e9l se asombraba de su falta de fe. Jes\u00fas recorr\u00eda las poblaciones de los alrededores, ense\u00f1ando a la gente.<\/p>\n\n\n\n<p class=\"has-text-align-right\"><em>Extra\u00eddo de la Biblia: Libro del Pueblo de Dios. <\/em><\/p>\n","protected":false},"excerpt":{"rendered":"<p>Jes\u00fas sali\u00f3 de all\u00ed y se dirigi\u00f3 a su pueblo, seguido de sus disc\u00edpulos.Cuando lleg\u00f3 el s\u00e1bado, comenz\u00f3 a ense\u00f1ar en la sinagoga, y la multitud que lo escuchaba estaba asombrada y dec\u00eda: \u00ab\u00bfDe d\u00f3nde saca todo esto? \u00bfQu\u00e9 sabidur\u00eda es esa que le ha sido dada y esos grandes milagros que se realizan por [&hellip;]<\/p>\n","protected":false},"author":3,"featured_media":31456,"comment_status":"open","ping_status":"closed","sticky":false,"template":"","format":"standard","meta":{"_et_pb_use_builder":"off","_et_pb_old_content":"<!-- wp:paragraph -->\n<p> Al atardecer de ese mismo d\u00eda, el primero de la semana, estando cerradas las puertas del lugar donde se encontraban los disc\u00edpulos, por temor a los jud\u00edos, lleg\u00f3 Jes\u00fas y poni\u00e9ndose en medio de ellos, les dijo: \"\u00a1La paz est\u00e9 con ustedes!\".<br>Mientras dec\u00eda esto, les mostr\u00f3 sus manos y su costado. Los disc\u00edpulos se llenaron de alegr\u00eda cuando vieron al Se\u00f1or.<br>Jes\u00fas les dijo de nuevo: \"\u00a1La paz est\u00e9 con ustedes! Como el Padre me envi\u00f3 a m\u00ed, yo tambi\u00e9n los env\u00edo a ustedes\".<br>Al decirles esto, sopl\u00f3 sobre ellos y a\u00f1adi\u00f3: \"Reciban el Esp\u00edritu Santo.<br>Los pecados ser\u00e1n perdonados a los que ustedes se los perdonen, y ser\u00e1n retenidos a los que ustedes se los retengan\". <\/p>\n<!-- \/wp:paragraph -->\n\n<!-- wp:paragraph {\"align\":\"right\"} -->\n<p class=\"has-text-align-right\"><em>Extra\u00eddo de la Biblia: Libro del Pueblo de Dios. <\/em><\/p>\n<!-- \/wp:paragraph -->","_et_gb_content_width":""},"categories":[6],"tags":[],"aioseo_notices":[],"_links":{"self":[{"href":"https:\/\/www.obispado-mdp.org.ar\/a\/wp-json\/wp\/v2\/posts\/43650"}],"collection":[{"href":"https:\/\/www.obispado-mdp.org.ar\/a\/wp-json\/wp\/v2\/posts"}],"about":[{"href":"https:\/\/www.obispado-mdp.org.ar\/a\/wp-json\/wp\/v2\/types\/post"}],"author":[{"embeddable":true,"href":"https:\/\/www.obispado-mdp.org.ar\/a\/wp-json\/wp\/v2\/users\/3"}],"replies":[{"embeddable":true,"href":"https:\/\/www.obispado-mdp.org.ar\/a\/wp-json\/wp\/v2\/comments?post=43650"}],"version-history":[{"count":1,"href":"https:\/\/www.obispado-mdp.org.ar\/a\/wp-json\/wp\/v2\/posts\/43650\/revisions"}],"predecessor-version":[{"id":43651,"href":"https:\/\/www.obispado-mdp.org.ar\/a\/wp-json\/wp\/v2\/posts\/43650\/revisions\/43651"}],"wp:featuredmedia":[{"embeddable":true,"href":"https:\/\/www.obispado-mdp.org.ar\/a\/wp-json\/wp\/v2\/media\/31456"}],"wp:attachment":[{"href":"https:\/\/www.obispado-mdp.org.ar\/a\/wp-json\/wp\/v2\/media?parent=43650"}],"wp:term":[{"taxonomy":"category","embeddable":true,"href":"https:\/\/www.obispado-mdp.org.ar\/a\/wp-json\/wp\/v2\/categories?post=43650"},{"taxonomy":"post_tag","embeddable":true,"href":"https:\/\/www.obispado-mdp.org.ar\/a\/wp-json\/wp\/v2\/tags?post=43650"}],"curies":[{"name":"wp","href":"https:\/\/api.w.org\/{rel}","templated":true}]}}