{"id":43654,"date":"2024-07-08T18:30:00","date_gmt":"2024-07-08T21:30:00","guid":{"rendered":"https:\/\/www.obispado-mdp.org.ar\/a\/?p=43654"},"modified":"2024-05-02T08:37:09","modified_gmt":"2024-05-02T11:37:09","slug":"evangelio-segun-san-mateo-932-38-4","status":"publish","type":"post","link":"https:\/\/www.obispado-mdp.org.ar\/a\/evangelio-segun-san-mateo-932-38-4\/","title":{"rendered":"Evangelio seg\u00fan\u00a0San Mateo\u00a09,32-38."},"content":{"rendered":"\n<p>En cuanto se fueron los ciegos, le presentaron a un mudo que estaba endemoniado.<br>El demonio fue expulsado y el mudo comenz\u00f3 a hablar. La multitud, admirada, comentaba: \u00abJam\u00e1s se vio nada igual en Israel\u00bb.<br>Pero los fariseos dec\u00edan: \u00abEl expulsa a los demonios por obra del Pr\u00edncipe de los demonios\u00bb.<br>Jes\u00fas recorr\u00eda todas las ciudades y los pueblos, ense\u00f1ando en las sinagogas, proclamando la Buena Noticia del Reino y curando todas las enfermedades y dolencias.<br>Al ver a la multitud, tuvo compasi\u00f3n, porque estaban fatigados y abatidos, como ovejas que no tienen pastor.<br>Entonces dijo a sus disc\u00edpulos: \u00abLa cosecha es abundante, pero los trabajadores son pocos.<br>Rueguen al due\u00f1o de los sembrados que env\u00ede trabajadores para la cosecha.\u00bb<\/p>\n\n\n\n<p class=\"has-text-align-right\"><em>Extra\u00eddo de la Biblia: Libro del Pueblo de Dios. <\/em><\/p>\n","protected":false},"excerpt":{"rendered":"<p>En cuanto se fueron los ciegos, le presentaron a un mudo que estaba endemoniado.El demonio fue expulsado y el mudo comenz\u00f3 a hablar. La multitud, admirada, comentaba: \u00abJam\u00e1s se vio nada igual en Israel\u00bb.Pero los fariseos dec\u00edan: \u00abEl expulsa a los demonios por obra del Pr\u00edncipe de los demonios\u00bb.Jes\u00fas recorr\u00eda todas las ciudades y los [&hellip;]<\/p>\n","protected":false},"author":3,"featured_media":31452,"comment_status":"open","ping_status":"closed","sticky":false,"template":"","format":"standard","meta":{"_et_pb_use_builder":"off","_et_pb_old_content":"<!-- wp:paragraph -->\n<p> Al atardecer de ese mismo d\u00eda, el primero de la semana, estando cerradas las puertas del lugar donde se encontraban los disc\u00edpulos, por temor a los jud\u00edos, lleg\u00f3 Jes\u00fas y poni\u00e9ndose en medio de ellos, les dijo: \"\u00a1La paz est\u00e9 con ustedes!\".<br>Mientras dec\u00eda esto, les mostr\u00f3 sus manos y su costado. Los disc\u00edpulos se llenaron de alegr\u00eda cuando vieron al Se\u00f1or.<br>Jes\u00fas les dijo de nuevo: \"\u00a1La paz est\u00e9 con ustedes! Como el Padre me envi\u00f3 a m\u00ed, yo tambi\u00e9n los env\u00edo a ustedes\".<br>Al decirles esto, sopl\u00f3 sobre ellos y a\u00f1adi\u00f3: \"Reciban el Esp\u00edritu Santo.<br>Los pecados ser\u00e1n perdonados a los que ustedes se los perdonen, y ser\u00e1n retenidos a los que ustedes se los retengan\". <\/p>\n<!-- \/wp:paragraph -->\n\n<!-- wp:paragraph {\"align\":\"right\"} -->\n<p class=\"has-text-align-right\"><em>Extra\u00eddo de la Biblia: Libro del Pueblo de Dios. <\/em><\/p>\n<!-- \/wp:paragraph -->","_et_gb_content_width":""},"categories":[6],"tags":[],"aioseo_notices":[],"_links":{"self":[{"href":"https:\/\/www.obispado-mdp.org.ar\/a\/wp-json\/wp\/v2\/posts\/43654"}],"collection":[{"href":"https:\/\/www.obispado-mdp.org.ar\/a\/wp-json\/wp\/v2\/posts"}],"about":[{"href":"https:\/\/www.obispado-mdp.org.ar\/a\/wp-json\/wp\/v2\/types\/post"}],"author":[{"embeddable":true,"href":"https:\/\/www.obispado-mdp.org.ar\/a\/wp-json\/wp\/v2\/users\/3"}],"replies":[{"embeddable":true,"href":"https:\/\/www.obispado-mdp.org.ar\/a\/wp-json\/wp\/v2\/comments?post=43654"}],"version-history":[{"count":1,"href":"https:\/\/www.obispado-mdp.org.ar\/a\/wp-json\/wp\/v2\/posts\/43654\/revisions"}],"predecessor-version":[{"id":43655,"href":"https:\/\/www.obispado-mdp.org.ar\/a\/wp-json\/wp\/v2\/posts\/43654\/revisions\/43655"}],"wp:featuredmedia":[{"embeddable":true,"href":"https:\/\/www.obispado-mdp.org.ar\/a\/wp-json\/wp\/v2\/media\/31452"}],"wp:attachment":[{"href":"https:\/\/www.obispado-mdp.org.ar\/a\/wp-json\/wp\/v2\/media?parent=43654"}],"wp:term":[{"taxonomy":"category","embeddable":true,"href":"https:\/\/www.obispado-mdp.org.ar\/a\/wp-json\/wp\/v2\/categories?post=43654"},{"taxonomy":"post_tag","embeddable":true,"href":"https:\/\/www.obispado-mdp.org.ar\/a\/wp-json\/wp\/v2\/tags?post=43654"}],"curies":[{"name":"wp","href":"https:\/\/api.w.org\/{rel}","templated":true}]}}