{"id":43714,"date":"2024-05-02T18:11:51","date_gmt":"2024-05-02T21:11:51","guid":{"rendered":"https:\/\/www.obispado-mdp.org.ar\/a\/?p=43714"},"modified":"2024-05-02T18:11:52","modified_gmt":"2024-05-02T21:11:52","slug":"la-capilla-san-jose-obrero-de-necochea-celebro-su-fiesta-patronal","status":"publish","type":"post","link":"https:\/\/www.obispado-mdp.org.ar\/a\/la-capilla-san-jose-obrero-de-necochea-celebro-su-fiesta-patronal\/","title":{"rendered":"La Capilla San Jos\u00e9 Obrero de Necochea celebr\u00f3 su fiesta patronal"},"content":{"rendered":"\n<p>En la ma\u00f1ana del 1 de mayo, la Capilla San Jos\u00e9 Obrero de la ciudad de Necochea, celebr\u00f3 sus fiestas patronales. En el marco del d\u00eda internacional de los trabajadores, la comunidad elev\u00f3 sus plegarias por todos los trabajadores y por quienes buscan un empleo.<\/p>\n\n\n\n<p>La celebraci\u00f3n comenz\u00f3 con la Santa Misa que presidi\u00f3 el administrador apost\u00f3lico de la di\u00f3cesis, monse\u00f1or Ernesto Giobando. Los sacerdotes de la zona tambi\u00e9n se hicieron presente, junto a gran n\u00famero de fieles. A continuaci\u00f3n se realiz\u00f3 una procesi\u00f3n por las calles del barrio, pidiendo la intercesi\u00f3n de San Jos\u00e9 por las intenciones de todos los vecinos. Finalmente los fieles compartieron un almuerzo fraterno en el que adem\u00e1s celebraron anticipadamente el cumplea\u00f1os del padre Alejandro Mart\u00ednez, p\u00e1rroco de la comunidad.<\/p>\n\n\n\n<p>La memoria lit\u00fargica de San Jos\u00e9 Obrero fue establecida oficialmente por P\u00edo XII el 1 de mayo de 1955 para ayudar a los trabajadores a no perder el sentido cristiano del trabajo.<\/p>\n\n\n\n<figure class=\"wp-block-image size-large\"><img loading=\"lazy\" width=\"1024\" height=\"461\" src=\"https:\/\/www.obispado-mdp.org.ar\/a\/wp-content\/uploads\/2024\/05\/neco-1024x461.jpg\" alt=\"\" class=\"wp-image-43715\"\/><\/figure>\n\n\n\n<figure class=\"wp-block-image size-large\"><img loading=\"lazy\" width=\"1024\" height=\"461\" src=\"https:\/\/www.obispado-mdp.org.ar\/a\/wp-content\/uploads\/2024\/05\/438221968_815828360577168_3756940177045846376_n-1024x461.jpg\" alt=\"\" class=\"wp-image-43717\"\/><\/figure>\n\n\n\n<figure class=\"wp-block-image size-large\"><img loading=\"lazy\" width=\"1024\" height=\"461\" src=\"https:\/\/www.obispado-mdp.org.ar\/a\/wp-content\/uploads\/2024\/05\/441398214_815826997243971_9005376376761064739_n-1-1024x461.jpg\" alt=\"\" class=\"wp-image-43718\"\/><\/figure>\n\n\n\n<figure class=\"wp-block-image size-large\"><img loading=\"lazy\" width=\"1024\" height=\"461\" src=\"https:\/\/www.obispado-mdp.org.ar\/a\/wp-content\/uploads\/2024\/05\/438222416_815829400577064_1040062091212989929_n-1024x461.jpg\" alt=\"\" class=\"wp-image-43719\"\/><\/figure>\n","protected":false},"excerpt":{"rendered":"<p>En la ma\u00f1ana del 1 de mayo, la Capilla San Jos\u00e9 Obrero de la ciudad de Necochea, celebr\u00f3 sus fiestas patronales. En el marco del d\u00eda internacional de los trabajadores, la comunidad elev\u00f3 sus plegarias por todos los trabajadores y por quienes buscan un empleo. La celebraci\u00f3n comenz\u00f3 con la Santa Misa que presidi\u00f3 el [&hellip;]<\/p>\n","protected":false},"author":4,"featured_media":0,"comment_status":"open","ping_status":"open","sticky":false,"template":"","format":"standard","meta":{"_et_pb_use_builder":"","_et_pb_old_content":"","_et_gb_content_width":""},"categories":[4],"tags":[],"aioseo_notices":[],"_links":{"self":[{"href":"https:\/\/www.obispado-mdp.org.ar\/a\/wp-json\/wp\/v2\/posts\/43714"}],"collection":[{"href":"https:\/\/www.obispado-mdp.org.ar\/a\/wp-json\/wp\/v2\/posts"}],"about":[{"href":"https:\/\/www.obispado-mdp.org.ar\/a\/wp-json\/wp\/v2\/types\/post"}],"author":[{"embeddable":true,"href":"https:\/\/www.obispado-mdp.org.ar\/a\/wp-json\/wp\/v2\/users\/4"}],"replies":[{"embeddable":true,"href":"https:\/\/www.obispado-mdp.org.ar\/a\/wp-json\/wp\/v2\/comments?post=43714"}],"version-history":[{"count":4,"href":"https:\/\/www.obispado-mdp.org.ar\/a\/wp-json\/wp\/v2\/posts\/43714\/revisions"}],"predecessor-version":[{"id":43723,"href":"https:\/\/www.obispado-mdp.org.ar\/a\/wp-json\/wp\/v2\/posts\/43714\/revisions\/43723"}],"wp:attachment":[{"href":"https:\/\/www.obispado-mdp.org.ar\/a\/wp-json\/wp\/v2\/media?parent=43714"}],"wp:term":[{"taxonomy":"category","embeddable":true,"href":"https:\/\/www.obispado-mdp.org.ar\/a\/wp-json\/wp\/v2\/categories?post=43714"},{"taxonomy":"post_tag","embeddable":true,"href":"https:\/\/www.obispado-mdp.org.ar\/a\/wp-json\/wp\/v2\/tags?post=43714"}],"curies":[{"name":"wp","href":"https:\/\/api.w.org\/{rel}","templated":true}]}}