{"id":43738,"date":"2024-05-06T17:53:35","date_gmt":"2024-05-06T20:53:35","guid":{"rendered":"https:\/\/www.obispado-mdp.org.ar\/a\/?p=43738"},"modified":"2024-05-06T17:53:36","modified_gmt":"2024-05-06T20:53:36","slug":"fiesta-patronal-de-la-parroquia-jesus-obrero","status":"publish","type":"post","link":"https:\/\/www.obispado-mdp.org.ar\/a\/fiesta-patronal-de-la-parroquia-jesus-obrero\/","title":{"rendered":"Fiesta Patronal de la Parroquia Jes\u00fas Obrero"},"content":{"rendered":"\n<p>La Parroquia Jes\u00fas Obrero, en la ciudad de Mar del Plata, celebr\u00f3 con distintas actividades su fiesta patronal. Miembros de la comunidad parroquial y de la escuela Jes\u00fas Obrero, con sus abanderados y escoltas, participaron de los actos que comenzaron con la bendici\u00f3n de la \u201cCasa de la Caridad\u201d, en la que voluntarios y colaboradores de la parroquia seguir\u00e1n adelante con la asistencia y el acompa\u00f1amiento de los que m\u00e1s lo necesitan.El administrador apost\u00f3lico de la di\u00f3cesis, monse\u00f1or Ernesto Giobando sj. destac\u00f3 la obra de caridad que se lleva adelante y que desde ahora contar\u00e1 con renovadas instalaciones, sobre las que imparti\u00f3 la bendici\u00f3n. A continuaci\u00f3n de ese rito, comenz\u00f3 la procesi\u00f3n por las calles del barrio.Una vez que se regres\u00f3 al templo parroquial, el cual luc\u00eda encendidas cuatro velas en referencia a un nuevo aniversario de su consagraci\u00f3n, dio inicio la Santa Misa, que fue presidida por el Administrador Apost\u00f3lico y concelebrada por el cura p\u00e1rroco, presb\u00edtero Ezequiel Kseim.En la homil\u00eda, monse\u00f1or Giobando destac\u00f3 que \u00absi bien muchas veces no es f\u00e1cil amarnos los unos a los otros,  es el camino para poder amar a Dios\u201d y que \u201cla persona que descubre el amor personal de Dios, descubri\u00f3 todo.\u201dRefiri\u00e9ndose al t\u00edtulo que lleva la Parroquia, afirm\u00f3 que \u201cJes\u00fas Obrero, trabaj\u00f3 y aprendi\u00f3 en su casa, mirando a su pap\u00e1\u201d y destacando el valor de la familia sostuvo que \u201ces importante aprender a sobrellevar las dificultades con amor y con fe ya que Dios nos cre\u00f3 para ser familia.\u201dFinalizada la celebraci\u00f3n, la Parroquia ofreci\u00f3 un agasajo con t\u00e9 y tortas, como es tradicional en esa comunidad.<\/p>\n\n\n\n<p><\/p>\n\n\n\n<p><\/p>\n\n\n\n<p><\/p>\n\n\n\n<p><\/p>\n\n\n\n<figure class=\"wp-block-image size-large\"><img loading=\"lazy\" width=\"1024\" height=\"768\" src=\"https:\/\/www.obispado-mdp.org.ar\/a\/wp-content\/uploads\/2024\/05\/IMG-20240505-WA0022-1024x768.jpg\" alt=\"\" class=\"wp-image-43739\"\/><\/figure>\n\n\n\n<figure class=\"wp-block-image size-large is-resized\"><img loading=\"lazy\" src=\"https:\/\/www.obispado-mdp.org.ar\/a\/wp-content\/uploads\/2024\/05\/IMG-20240505-WA0025-1024x768.jpg\" alt=\"\" class=\"wp-image-43740\" width=\"396\" height=\"297\"\/><\/figure>\n\n\n\n<figure class=\"wp-block-image size-large is-resized\"><img loading=\"lazy\" src=\"https:\/\/www.obispado-mdp.org.ar\/a\/wp-content\/uploads\/2024\/05\/IMG-20240505-WA0041-1024x768.jpg\" alt=\"\" class=\"wp-image-43741\" width=\"393\" height=\"295\"\/><\/figure>\n\n\n\n<figure class=\"wp-block-image size-large\"><img loading=\"lazy\" width=\"1024\" height=\"768\" src=\"https:\/\/www.obispado-mdp.org.ar\/a\/wp-content\/uploads\/2024\/05\/IMG-20240505-WA0036-1024x768.jpg\" alt=\"\" class=\"wp-image-43742\"\/><\/figure>\n\n\n\n<figure class=\"wp-block-image size-large is-resized\"><img loading=\"lazy\" src=\"https:\/\/www.obispado-mdp.org.ar\/a\/wp-content\/uploads\/2024\/05\/IMG-20240505-WA0018-1024x768.jpg\" alt=\"\" class=\"wp-image-43743\" width=\"396\" height=\"298\"\/><\/figure>\n\n\n\n<figure class=\"wp-block-image size-large\"><img loading=\"lazy\" width=\"1024\" height=\"768\" src=\"https:\/\/www.obispado-mdp.org.ar\/a\/wp-content\/uploads\/2024\/05\/IMG-20240505-WA0014-1024x768.jpg\" alt=\"\" class=\"wp-image-43744\"\/><\/figure>\n","protected":false},"excerpt":{"rendered":"<p>La Parroquia Jes\u00fas Obrero, en la ciudad de Mar del Plata, celebr\u00f3 con distintas actividades su fiesta patronal. Miembros de la comunidad parroquial y de la escuela Jes\u00fas Obrero, con sus abanderados y escoltas, participaron de los actos que comenzaron con la bendici\u00f3n de la \u201cCasa de la Caridad\u201d, en la que voluntarios y colaboradores [&hellip;]<\/p>\n","protected":false},"author":4,"featured_media":0,"comment_status":"open","ping_status":"open","sticky":false,"template":"","format":"standard","meta":{"_et_pb_use_builder":"","_et_pb_old_content":"","_et_gb_content_width":""},"categories":[4],"tags":[],"aioseo_notices":[],"_links":{"self":[{"href":"https:\/\/www.obispado-mdp.org.ar\/a\/wp-json\/wp\/v2\/posts\/43738"}],"collection":[{"href":"https:\/\/www.obispado-mdp.org.ar\/a\/wp-json\/wp\/v2\/posts"}],"about":[{"href":"https:\/\/www.obispado-mdp.org.ar\/a\/wp-json\/wp\/v2\/types\/post"}],"author":[{"embeddable":true,"href":"https:\/\/www.obispado-mdp.org.ar\/a\/wp-json\/wp\/v2\/users\/4"}],"replies":[{"embeddable":true,"href":"https:\/\/www.obispado-mdp.org.ar\/a\/wp-json\/wp\/v2\/comments?post=43738"}],"version-history":[{"count":1,"href":"https:\/\/www.obispado-mdp.org.ar\/a\/wp-json\/wp\/v2\/posts\/43738\/revisions"}],"predecessor-version":[{"id":43759,"href":"https:\/\/www.obispado-mdp.org.ar\/a\/wp-json\/wp\/v2\/posts\/43738\/revisions\/43759"}],"wp:attachment":[{"href":"https:\/\/www.obispado-mdp.org.ar\/a\/wp-json\/wp\/v2\/media?parent=43738"}],"wp:term":[{"taxonomy":"category","embeddable":true,"href":"https:\/\/www.obispado-mdp.org.ar\/a\/wp-json\/wp\/v2\/categories?post=43738"},{"taxonomy":"post_tag","embeddable":true,"href":"https:\/\/www.obispado-mdp.org.ar\/a\/wp-json\/wp\/v2\/tags?post=43738"}],"curies":[{"name":"wp","href":"https:\/\/api.w.org\/{rel}","templated":true}]}}