{"id":43746,"date":"2024-05-05T22:50:25","date_gmt":"2024-05-06T01:50:25","guid":{"rendered":"https:\/\/www.obispado-mdp.org.ar\/a\/?p=43746"},"modified":"2024-05-05T22:57:42","modified_gmt":"2024-05-06T01:57:42","slug":"fiesta-de-lujan-en-su-santuario-marplatense","status":"publish","type":"post","link":"https:\/\/www.obispado-mdp.org.ar\/a\/fiesta-de-lujan-en-su-santuario-marplatense\/","title":{"rendered":"Fiesta de Luj\u00e1n en su santuario marplatense"},"content":{"rendered":"\n<p>La solemnidad de Nuestra Se\u00f1ora de Luj\u00e1n, patrona de la Rep\u00fablica Argentina, es objeto de m\u00faltiples celebraciones en nuestro pa\u00eds y en nuestra di\u00f3cesis. En esta oportunidad, el Santuario ubicado en Av. Polonia y Av. Mario Bravo, celebr\u00f3 a la Sant\u00edsima Virgen en su advocaci\u00f3n de Nuestra Se\u00f1ora de Luj\u00e1n. Monse\u00f1or Ernesto Giobando recibi\u00f3 en el Santuario de la Virgen de Luj\u00e1na los fieles que recorrieron en procesi\u00f3n las calles del barrio y a continuaci\u00f3n presidi\u00f3 la Santa Misa junto al p\u00e1rroco, presb\u00edtero Hern\u00e1n David y al di\u00e1cono Sergio Vaghini.  Entre los fieles, un numeroso grupo de ni\u00f1os expres\u00f3 su devoci\u00f3n y amor a Mar\u00eda, con distintos gestos durante la celebraci\u00f3n. El Administrador Apost\u00f3lico se dirigi\u00f3 especialmente a ellos al hablarles de la Virgen de Luj\u00e1n y conversar con ellos sobre las palabras del Se\u00f1or a la Sant\u00edsima Virgen, que se proclamaron en el Evangelio.<\/p>\n\n\n\n<figure class=\"wp-block-image size-large is-resized\"><img loading=\"lazy\" src=\"https:\/\/www.obispado-mdp.org.ar\/a\/wp-content\/uploads\/2024\/05\/IMG-20240505-WA0057-1024x768.jpg\" alt=\"\" class=\"wp-image-43747\" width=\"410\" height=\"307\"\/><\/figure>\n\n\n\n<figure class=\"wp-block-image size-large is-resized\"><img loading=\"lazy\" src=\"https:\/\/www.obispado-mdp.org.ar\/a\/wp-content\/uploads\/2024\/05\/IMG-20240505-WA0060-1024x768.jpg\" alt=\"\" class=\"wp-image-43748\" width=\"412\" height=\"309\"\/><\/figure>\n\n\n\n<figure class=\"wp-block-image size-large\"><img loading=\"lazy\" width=\"1024\" height=\"768\" src=\"https:\/\/www.obispado-mdp.org.ar\/a\/wp-content\/uploads\/2024\/05\/IMG-20240505-WA0059-1024x768.jpg\" alt=\"\" class=\"wp-image-43749\"\/><\/figure>\n\n\n\n<figure class=\"wp-block-image size-large\"><img loading=\"lazy\" width=\"1024\" height=\"768\" src=\"https:\/\/www.obispado-mdp.org.ar\/a\/wp-content\/uploads\/2024\/05\/IMG-20240505-WA0058-1024x768.jpg\" alt=\"\" class=\"wp-image-43750\"\/><\/figure>\n\n\n\n<figure class=\"wp-block-image size-large\"><img loading=\"lazy\" width=\"1024\" height=\"768\" src=\"https:\/\/www.obispado-mdp.org.ar\/a\/wp-content\/uploads\/2024\/05\/IMG-20240505-WA0062-1024x768.jpg\" alt=\"\" class=\"wp-image-43751\"\/><\/figure>\n\n\n\n<figure class=\"wp-block-image size-large\"><img loading=\"lazy\" width=\"1024\" height=\"768\" src=\"https:\/\/www.obispado-mdp.org.ar\/a\/wp-content\/uploads\/2024\/05\/IMG-20240505-WA0061-1-1024x768.jpg\" alt=\"\" class=\"wp-image-43752\"\/><\/figure>\n","protected":false},"excerpt":{"rendered":"<p>La solemnidad de Nuestra Se\u00f1ora de Luj\u00e1n, patrona de la Rep\u00fablica Argentina, es objeto de m\u00faltiples celebraciones en nuestro pa\u00eds y en nuestra di\u00f3cesis. En esta oportunidad, el Santuario ubicado en Av. Polonia y Av. Mario Bravo, celebr\u00f3 a la Sant\u00edsima Virgen en su advocaci\u00f3n de Nuestra Se\u00f1ora de Luj\u00e1n. Monse\u00f1or Ernesto Giobando recibi\u00f3 en [&hellip;]<\/p>\n","protected":false},"author":4,"featured_media":0,"comment_status":"open","ping_status":"open","sticky":false,"template":"","format":"standard","meta":{"_et_pb_use_builder":"","_et_pb_old_content":"","_et_gb_content_width":""},"categories":[4],"tags":[],"aioseo_notices":[],"_links":{"self":[{"href":"https:\/\/www.obispado-mdp.org.ar\/a\/wp-json\/wp\/v2\/posts\/43746"}],"collection":[{"href":"https:\/\/www.obispado-mdp.org.ar\/a\/wp-json\/wp\/v2\/posts"}],"about":[{"href":"https:\/\/www.obispado-mdp.org.ar\/a\/wp-json\/wp\/v2\/types\/post"}],"author":[{"embeddable":true,"href":"https:\/\/www.obispado-mdp.org.ar\/a\/wp-json\/wp\/v2\/users\/4"}],"replies":[{"embeddable":true,"href":"https:\/\/www.obispado-mdp.org.ar\/a\/wp-json\/wp\/v2\/comments?post=43746"}],"version-history":[{"count":1,"href":"https:\/\/www.obispado-mdp.org.ar\/a\/wp-json\/wp\/v2\/posts\/43746\/revisions"}],"predecessor-version":[{"id":43753,"href":"https:\/\/www.obispado-mdp.org.ar\/a\/wp-json\/wp\/v2\/posts\/43746\/revisions\/43753"}],"wp:attachment":[{"href":"https:\/\/www.obispado-mdp.org.ar\/a\/wp-json\/wp\/v2\/media?parent=43746"}],"wp:term":[{"taxonomy":"category","embeddable":true,"href":"https:\/\/www.obispado-mdp.org.ar\/a\/wp-json\/wp\/v2\/categories?post=43746"},{"taxonomy":"post_tag","embeddable":true,"href":"https:\/\/www.obispado-mdp.org.ar\/a\/wp-json\/wp\/v2\/tags?post=43746"}],"curies":[{"name":"wp","href":"https:\/\/api.w.org\/{rel}","templated":true}]}}