{"id":43754,"date":"2024-05-05T22:55:24","date_gmt":"2024-05-06T01:55:24","guid":{"rendered":"https:\/\/www.obispado-mdp.org.ar\/a\/?p=43754"},"modified":"2024-05-05T22:57:10","modified_gmt":"2024-05-06T01:57:10","slug":"actividad-diocesana-en-el-seminario-platense","status":"publish","type":"post","link":"https:\/\/www.obispado-mdp.org.ar\/a\/actividad-diocesana-en-el-seminario-platense\/","title":{"rendered":"Actividad diocesana en el Seminario platense"},"content":{"rendered":"\n<p><\/p>\n\n\n\n<p>Los seminaristas de nuestra di\u00f3cesis, que se forman en el Seminario San Jos\u00e9, en la ciudad de La Plata, recibieron esta semana la visita de monse\u00f1or Ernesto Giobando y del padre Juan Pablo Cayrol.<\/p>\n\n\n\n<p>El Administrador Apost\u00f3lico, que celebr\u00f3 el pasado viernes 3 el 10mo. aniversario de su ordenaci\u00f3n episcopal, presidi\u00f3 ese d\u00eda la Eucarist\u00eda en la Capilla San Justino, del Seminario. La misma fue concelebrada por el padre Cayrol y el padre Tom\u00e1s de la Riva, formador en el seminario.<\/p>\n\n\n\n<p>Durante el fin de semana los seminaristas participaron de la tradicional \u201cConvivencia de Pascua\u201d, un encuentro fuera del seminario en el que se encuentran con un sacerdote de nuestra di\u00f3cesis. En esta ocasi\u00f3n, el padre Juan Pablo fue quien les comparti\u00f3 su testimonio y particip\u00f3 de distintos momentos junto a los j\u00f3venes que se forman para el sacerdocio ministerial.<\/p>\n\n\n\n<figure class=\"wp-block-image size-large\"><img loading=\"lazy\" width=\"1024\" height=\"1024\" src=\"https:\/\/www.obispado-mdp.org.ar\/a\/wp-content\/uploads\/2024\/05\/IMG-20240505-WA0055-1024x1024.jpg\" alt=\"\" class=\"wp-image-43755\"\/><\/figure>\n\n\n\n<figure class=\"wp-block-image size-large\"><img loading=\"lazy\" width=\"1024\" height=\"1024\" src=\"https:\/\/www.obispado-mdp.org.ar\/a\/wp-content\/uploads\/2024\/05\/IMG-20240505-WA0056-1024x1024.jpg\" alt=\"\" class=\"wp-image-43757\"\/><\/figure>\n\n\n\n<figure class=\"wp-block-image size-large\"><img loading=\"lazy\" width=\"1024\" height=\"1024\" src=\"https:\/\/www.obispado-mdp.org.ar\/a\/wp-content\/uploads\/2024\/05\/IMG-20240505-WA0054-1024x1024.jpg\" alt=\"\" class=\"wp-image-43756\"\/><\/figure>\n","protected":false},"excerpt":{"rendered":"<p>Los seminaristas de nuestra di\u00f3cesis, que se forman en el Seminario San Jos\u00e9, en la ciudad de La Plata, recibieron esta semana la visita de monse\u00f1or Ernesto Giobando y del padre Juan Pablo Cayrol. El Administrador Apost\u00f3lico, que celebr\u00f3 el pasado viernes 3 el 10mo. aniversario de su ordenaci\u00f3n episcopal, presidi\u00f3 ese d\u00eda la Eucarist\u00eda [&hellip;]<\/p>\n","protected":false},"author":4,"featured_media":0,"comment_status":"open","ping_status":"open","sticky":false,"template":"","format":"standard","meta":{"_et_pb_use_builder":"","_et_pb_old_content":"","_et_gb_content_width":""},"categories":[4],"tags":[],"aioseo_notices":[],"_links":{"self":[{"href":"https:\/\/www.obispado-mdp.org.ar\/a\/wp-json\/wp\/v2\/posts\/43754"}],"collection":[{"href":"https:\/\/www.obispado-mdp.org.ar\/a\/wp-json\/wp\/v2\/posts"}],"about":[{"href":"https:\/\/www.obispado-mdp.org.ar\/a\/wp-json\/wp\/v2\/types\/post"}],"author":[{"embeddable":true,"href":"https:\/\/www.obispado-mdp.org.ar\/a\/wp-json\/wp\/v2\/users\/4"}],"replies":[{"embeddable":true,"href":"https:\/\/www.obispado-mdp.org.ar\/a\/wp-json\/wp\/v2\/comments?post=43754"}],"version-history":[{"count":1,"href":"https:\/\/www.obispado-mdp.org.ar\/a\/wp-json\/wp\/v2\/posts\/43754\/revisions"}],"predecessor-version":[{"id":43758,"href":"https:\/\/www.obispado-mdp.org.ar\/a\/wp-json\/wp\/v2\/posts\/43754\/revisions\/43758"}],"wp:attachment":[{"href":"https:\/\/www.obispado-mdp.org.ar\/a\/wp-json\/wp\/v2\/media?parent=43754"}],"wp:term":[{"taxonomy":"category","embeddable":true,"href":"https:\/\/www.obispado-mdp.org.ar\/a\/wp-json\/wp\/v2\/categories?post=43754"},{"taxonomy":"post_tag","embeddable":true,"href":"https:\/\/www.obispado-mdp.org.ar\/a\/wp-json\/wp\/v2\/tags?post=43754"}],"curies":[{"name":"wp","href":"https:\/\/api.w.org\/{rel}","templated":true}]}}