{"id":43768,"date":"2024-05-08T07:44:44","date_gmt":"2024-05-08T10:44:44","guid":{"rendered":"https:\/\/www.obispado-mdp.org.ar\/a\/?p=43768"},"modified":"2024-05-08T08:23:06","modified_gmt":"2024-05-08T11:23:06","slug":"el-hogar-de-cristo-de-comunidades-del-sur-celebro-su-5to-aniversario","status":"publish","type":"post","link":"https:\/\/www.obispado-mdp.org.ar\/a\/el-hogar-de-cristo-de-comunidades-del-sur-celebro-su-5to-aniversario\/","title":{"rendered":"El Hogar de Cristo de Comunidades del Sur celebr\u00f3 su 5to. Aniversario"},"content":{"rendered":"\n<p>En un clima de fiesta, se celebr\u00f3 un nuevo aniversario del Hogar de Cristo \u201cComunidades del Sur \u2013 Don Orione\u201d, de la ciudad de Mar del Plata. <\/p>\n\n\n\n<p>El p\u00e1rroco, presb\u00edtero Santiago Arriola, di\u00f3 la bienvenida a los presentes a la vez que agradeci\u00f3 la presencia del administrador apost\u00f3lico, monse\u00f1or Ernesto Giobando, quien visit\u00f3 por primera vez el hogar. <\/p>\n\n\n\n<p>Por su parte, el prelado destac\u00f3 que \u201cvisitar el Hogar de Cristo es como sentirse en casa, ya que como vicario de la Zona Flores, en Buenos Aires acompa\u00f1aba los Hogares de Cristo.\u201d \u201cAl cantar \u2018La vida como viene\u2019, sabemos que la letra define el car\u00e1cter de la instituci\u00f3n, y precisamente as\u00ed llegamos a la Misa: como estamos. Y Jes\u00fas nos recibe en este gran hogar que es la Iglesia.<\/p>\n\n\n\n<p>\u201dEn la homil\u00eda monse\u00f1or Giobando se refiri\u00f3 a la primera lectura (Hch 16, 22-34) y expres\u00f3 \u201cPablo y Silas la pasaron muy mal en esa prisi\u00f3n. Si bien no eran ladrones ni asesinos \u2013eran disc\u00edpulos- les toc\u00f3 padecer as\u00ed como Jes\u00fas tambi\u00e9n pas\u00f3 por el peor de los castigos. <\/p>\n\n\n\n<p>Los que seguimos a Jes\u00fas tenemos que estar dispuestos tambi\u00e9n a sufrir porque \u00c9l sufri\u00f3 por nosotros.\u201d Y agreg\u00f3 \u201cme quiero detener en la figura del carcelero, que es el que cuida que no te fugues y no salgas, ya que hoy muchas veces nosotros mismos tenemos un carcelero adentro que te esclaviza y te dice \u2018no ten\u00e9s salida\u2019. \u00a1Qu\u00e9 dif\u00edcil cuando nos convertimos en carceleros! Pero cuando entramos ac\u00e1 al Hogar vemos la imagen de la cruz con la cadena rota: \u00a1ah\u00ed est\u00e1 nuestra libertad!\u201d\u201cAs\u00ed como Pablo y Silas cantaban a Dios en la prisi\u00f3n en medio de sus tormentos y sus cadenas se abrieron, hoy estamos ac\u00e1 alabando a Dios, porque Jes\u00fas vino a liberarnos de esas cadenas que nadie rompe y que son dif\u00edciles de romper cuando estamos solos, pero en este lugar estamos con otros, tenemos una familia. <\/p>\n\n\n\n<p><\/p>\n\n\n\n<p>Y as\u00ed como este carcelero se convirti\u00f3, el carcelero que est\u00e1 adentro y que me esclaviza, o me impide so\u00f1ar, se tiene que convertir. Para eso estamos en la mesa del encuentro, del perd\u00f3n, de la resurrecci\u00f3n y de la vida\u201d, reflexion\u00f3.<\/p>\n\n\n\n<p><\/p>\n\n\n\n<p>Finalmente record\u00f3 al padre Carlos Mugica -a pocos d\u00edas de celebrarse el 50 aniversario de su muerte- y pidi\u00f3 \u201cque su testimonio y el de todos los que entregan su vida al servicio de los m\u00e1s pobres nos ayude a jugarnos por la liberaci\u00f3n de nuestras vidas y de la de tantos que est\u00e1n necesitados de que el carcelero que est\u00e1 adentro se convierta y pueda creer en Jes\u00fas.\u201d<\/p>\n\n\n\n<figure class=\"wp-block-image size-large\"><img loading=\"lazy\" width=\"1024\" height=\"576\" src=\"https:\/\/www.obispado-mdp.org.ar\/a\/wp-content\/uploads\/2024\/05\/mensaje-de-mons.giobando_20240508_073323_0000-1-1024x576.png\" alt=\"\" class=\"wp-image-43770\"\/><\/figure>\n\n\n\n<p><\/p>\n\n\n\n<p><\/p>\n\n\n\n<figure class=\"wp-block-image size-large\"><img loading=\"lazy\" width=\"1024\" height=\"768\" src=\"https:\/\/www.obispado-mdp.org.ar\/a\/wp-content\/uploads\/2024\/05\/IMG-20240508-WA0001-1-1024x768.jpg\" alt=\"\" class=\"wp-image-43771\"\/><\/figure>\n","protected":false},"excerpt":{"rendered":"<p>En un clima de fiesta, se celebr\u00f3 un nuevo aniversario del Hogar de Cristo \u201cComunidades del Sur \u2013 Don Orione\u201d, de la ciudad de Mar del Plata. El p\u00e1rroco, presb\u00edtero Santiago Arriola, di\u00f3 la bienvenida a los presentes a la vez que agradeci\u00f3 la presencia del administrador apost\u00f3lico, monse\u00f1or Ernesto Giobando, quien visit\u00f3 por primera [&hellip;]<\/p>\n","protected":false},"author":4,"featured_media":0,"comment_status":"open","ping_status":"open","sticky":false,"template":"","format":"standard","meta":{"_et_pb_use_builder":"","_et_pb_old_content":"","_et_gb_content_width":""},"categories":[4],"tags":[],"aioseo_notices":[],"_links":{"self":[{"href":"https:\/\/www.obispado-mdp.org.ar\/a\/wp-json\/wp\/v2\/posts\/43768"}],"collection":[{"href":"https:\/\/www.obispado-mdp.org.ar\/a\/wp-json\/wp\/v2\/posts"}],"about":[{"href":"https:\/\/www.obispado-mdp.org.ar\/a\/wp-json\/wp\/v2\/types\/post"}],"author":[{"embeddable":true,"href":"https:\/\/www.obispado-mdp.org.ar\/a\/wp-json\/wp\/v2\/users\/4"}],"replies":[{"embeddable":true,"href":"https:\/\/www.obispado-mdp.org.ar\/a\/wp-json\/wp\/v2\/comments?post=43768"}],"version-history":[{"count":3,"href":"https:\/\/www.obispado-mdp.org.ar\/a\/wp-json\/wp\/v2\/posts\/43768\/revisions"}],"predecessor-version":[{"id":43774,"href":"https:\/\/www.obispado-mdp.org.ar\/a\/wp-json\/wp\/v2\/posts\/43768\/revisions\/43774"}],"wp:attachment":[{"href":"https:\/\/www.obispado-mdp.org.ar\/a\/wp-json\/wp\/v2\/media?parent=43768"}],"wp:term":[{"taxonomy":"category","embeddable":true,"href":"https:\/\/www.obispado-mdp.org.ar\/a\/wp-json\/wp\/v2\/categories?post=43768"},{"taxonomy":"post_tag","embeddable":true,"href":"https:\/\/www.obispado-mdp.org.ar\/a\/wp-json\/wp\/v2\/tags?post=43768"}],"curies":[{"name":"wp","href":"https:\/\/api.w.org\/{rel}","templated":true}]}}