{"id":43775,"date":"2024-05-09T08:10:56","date_gmt":"2024-05-09T11:10:56","guid":{"rendered":"https:\/\/www.obispado-mdp.org.ar\/a\/?p=43775"},"modified":"2024-05-09T08:32:12","modified_gmt":"2024-05-09T11:32:12","slug":"fiesta-de-la-virgen-de-lujan-en-la-parroquia-de-la-dulce-en-el-dia-de-nuestra-senora-de-lujan","status":"publish","type":"post","link":"https:\/\/www.obispado-mdp.org.ar\/a\/fiesta-de-la-virgen-de-lujan-en-la-parroquia-de-la-dulce-en-el-dia-de-nuestra-senora-de-lujan\/","title":{"rendered":"Fiesta de la Virgen de Luj\u00e1n en la Parroquia de La Dulce"},"content":{"rendered":"\n<p>La comunidad de la localidad de La Dulce, en el Partido de Necochea, celebr\u00f3 este mi\u00e9rcoles la fiesta patronal de su parroquia. <\/p>\n\n\n\n<p>El administrador apost\u00f3lico de la di\u00f3cesis, monse\u00f1or Ernesto Giobando sj., presidi\u00f3 la celebraci\u00f3n, que comenz\u00f3 con la procesi\u00f3n y continu\u00f3 con la Santa Misa. <\/p>\n\n\n\n<p>Participaron de la misma varios fieles de la zona, adem\u00e1s de sacerdotes que residen en la ciudad de Necochea, y que viajaron para acompa\u00f1ar al p\u00e1rroco, presb\u00edtero Alejo Contini, y a la comunidad dulcense en la celebraci\u00f3n de la Patrona de la Rep\u00fablica Argentina.<\/p>\n\n\n\n<p>Esta fiesta patronal fue la ocasi\u00f3n para la primera visita de monse\u00f1or Giobando a esa parroquia, la cual continuar\u00e1 el d\u00eda de ma\u00f1ana con la recorrida por otras comunidades de esa zona rural, que tambi\u00e9n son acompa\u00f1adas por el padre Contini.<\/p>\n\n\n\n<p>Acerca de la festividad mariana, Giobando expres\u00f3 que \u201cla Virgen de Luj\u00e1n es un signo para todos nosotros, un signo de unidad, y eso es lo que tenemos que lograr en la Argentina: que siendo diferentes, los cristianos tenemos una misma mam\u00e1\u201d y agreg\u00f3 \u201cle pido a la Virgen que nos anime a caminar para adelante unidos como pueblo.<\/p>\n\n\n\n<p>\u201dLuego de los actos lit\u00fargicos, tuvo lugar un \u00e1gape en el sal\u00f3n parroquial, en el que los parroquianos compartieron mates y cosas dulces y conversaron con el Administrador Apost\u00f3lico acerca de la vida de esa comunidad.<\/p>\n\n\n\n<p><\/p>\n\n\n\n<p><\/p>\n\n\n\n<figure class=\"wp-block-image size-large\"><img loading=\"lazy\" width=\"1024\" height=\"576\" src=\"https:\/\/www.obispado-mdp.org.ar\/a\/wp-content\/uploads\/2024\/05\/mensaje-de-mons.giobando_20240509_080533_0000-1024x576.png\" alt=\"\" class=\"wp-image-43776\"\/><\/figure>\n\n\n\n<figure class=\"wp-block-image size-large\"><img loading=\"lazy\" width=\"1024\" height=\"461\" src=\"https:\/\/www.obispado-mdp.org.ar\/a\/wp-content\/uploads\/2024\/05\/IMG-20240508-WA0025-1024x461.jpg\" alt=\"\" class=\"wp-image-43777\"\/><\/figure>\n\n\n\n<figure class=\"wp-block-image size-large\"><img loading=\"lazy\" width=\"1024\" height=\"461\" src=\"https:\/\/www.obispado-mdp.org.ar\/a\/wp-content\/uploads\/2024\/05\/IMG-20240508-WA0026-1024x461.jpg\" alt=\"\" class=\"wp-image-43778\"\/><\/figure>\n\n\n\n<figure class=\"wp-block-image size-large is-resized\"><img loading=\"lazy\" src=\"https:\/\/www.obispado-mdp.org.ar\/a\/wp-content\/uploads\/2024\/05\/IMG-20240508-WA0022-1024x461.jpg\" alt=\"\" class=\"wp-image-43779\" width=\"396\" height=\"178\"\/><\/figure>\n\n\n\n<figure class=\"wp-block-image size-large\"><img loading=\"lazy\" width=\"1024\" height=\"461\" src=\"https:\/\/www.obispado-mdp.org.ar\/a\/wp-content\/uploads\/2024\/05\/IMG-20240508-WA0018-1024x461.jpg\" alt=\"\" class=\"wp-image-43780\"\/><\/figure>\n","protected":false},"excerpt":{"rendered":"<p>La comunidad de la localidad de La Dulce, en el Partido de Necochea, celebr\u00f3 este mi\u00e9rcoles la fiesta patronal de su parroquia. El administrador apost\u00f3lico de la di\u00f3cesis, monse\u00f1or Ernesto Giobando sj., presidi\u00f3 la celebraci\u00f3n, que comenz\u00f3 con la procesi\u00f3n y continu\u00f3 con la Santa Misa. Participaron de la misma varios fieles de la zona, [&hellip;]<\/p>\n","protected":false},"author":4,"featured_media":0,"comment_status":"open","ping_status":"open","sticky":false,"template":"","format":"standard","meta":{"_et_pb_use_builder":"","_et_pb_old_content":"","_et_gb_content_width":""},"categories":[4],"tags":[],"aioseo_notices":[],"_links":{"self":[{"href":"https:\/\/www.obispado-mdp.org.ar\/a\/wp-json\/wp\/v2\/posts\/43775"}],"collection":[{"href":"https:\/\/www.obispado-mdp.org.ar\/a\/wp-json\/wp\/v2\/posts"}],"about":[{"href":"https:\/\/www.obispado-mdp.org.ar\/a\/wp-json\/wp\/v2\/types\/post"}],"author":[{"embeddable":true,"href":"https:\/\/www.obispado-mdp.org.ar\/a\/wp-json\/wp\/v2\/users\/4"}],"replies":[{"embeddable":true,"href":"https:\/\/www.obispado-mdp.org.ar\/a\/wp-json\/wp\/v2\/comments?post=43775"}],"version-history":[{"count":3,"href":"https:\/\/www.obispado-mdp.org.ar\/a\/wp-json\/wp\/v2\/posts\/43775\/revisions"}],"predecessor-version":[{"id":43783,"href":"https:\/\/www.obispado-mdp.org.ar\/a\/wp-json\/wp\/v2\/posts\/43775\/revisions\/43783"}],"wp:attachment":[{"href":"https:\/\/www.obispado-mdp.org.ar\/a\/wp-json\/wp\/v2\/media?parent=43775"}],"wp:term":[{"taxonomy":"category","embeddable":true,"href":"https:\/\/www.obispado-mdp.org.ar\/a\/wp-json\/wp\/v2\/categories?post=43775"},{"taxonomy":"post_tag","embeddable":true,"href":"https:\/\/www.obispado-mdp.org.ar\/a\/wp-json\/wp\/v2\/tags?post=43775"}],"curies":[{"name":"wp","href":"https:\/\/api.w.org\/{rel}","templated":true}]}}