{"id":43784,"date":"2024-05-11T00:43:53","date_gmt":"2024-05-11T03:43:53","guid":{"rendered":"https:\/\/www.obispado-mdp.org.ar\/a\/?p=43784"},"modified":"2024-05-11T00:45:37","modified_gmt":"2024-05-11T03:45:37","slug":"monsenor-giobando-visito-la-comunidad-educativa-de-juan-n-fernandez","status":"publish","type":"post","link":"https:\/\/www.obispado-mdp.org.ar\/a\/monsenor-giobando-visito-la-comunidad-educativa-de-juan-n-fernandez\/","title":{"rendered":"Monse\u00f1or Giobando visit\u00f3 la comunidad educativa de Juan N. Fernandez"},"content":{"rendered":"\n<p>El administrador apost\u00f3lico de la di\u00f3cesis de Mar del Plata, monse\u00f1or Ernesto Giobando sj., visit\u00f3 las escuelas episcopales de la localidad de Juan N. Fernandez, Escuela Condesa de Sena e Instituto Excelsior. <\/p>\n\n\n\n<p>All\u00ed, mantuvo un fecundo encuentro con el equipo de conducci\u00f3n, integrado por el cura p\u00e1rroco, presb\u00edtero Alejo Contini, la representante legal, Evangelina Etcheverry y directivos de los distintos niveles. <\/p>\n\n\n\n<p>Como cierre de la visita, monse\u00f1or Giobando realiz\u00f3 una breve oraci\u00f3n y di\u00f3 la bendici\u00f3n a toda la comunidad.<\/p>\n\n\n\n<figure class=\"wp-block-image size-large\"><img loading=\"lazy\" width=\"1024\" height=\"768\" src=\"https:\/\/www.obispado-mdp.org.ar\/a\/wp-content\/uploads\/2024\/05\/IMG-20240510-WA0048-1024x768.jpg\" alt=\"\" class=\"wp-image-43785\"\/><\/figure>\n\n\n\n<p><\/p>\n","protected":false},"excerpt":{"rendered":"<p>El administrador apost\u00f3lico de la di\u00f3cesis de Mar del Plata, monse\u00f1or Ernesto Giobando sj., visit\u00f3 las escuelas episcopales de la localidad de Juan N. Fernandez, Escuela Condesa de Sena e Instituto Excelsior. All\u00ed, mantuvo un fecundo encuentro con el equipo de conducci\u00f3n, integrado por el cura p\u00e1rroco, presb\u00edtero Alejo Contini, la representante legal, Evangelina Etcheverry [&hellip;]<\/p>\n","protected":false},"author":4,"featured_media":0,"comment_status":"open","ping_status":"open","sticky":false,"template":"","format":"standard","meta":{"_et_pb_use_builder":"","_et_pb_old_content":"","_et_gb_content_width":""},"categories":[4],"tags":[],"aioseo_notices":[],"_links":{"self":[{"href":"https:\/\/www.obispado-mdp.org.ar\/a\/wp-json\/wp\/v2\/posts\/43784"}],"collection":[{"href":"https:\/\/www.obispado-mdp.org.ar\/a\/wp-json\/wp\/v2\/posts"}],"about":[{"href":"https:\/\/www.obispado-mdp.org.ar\/a\/wp-json\/wp\/v2\/types\/post"}],"author":[{"embeddable":true,"href":"https:\/\/www.obispado-mdp.org.ar\/a\/wp-json\/wp\/v2\/users\/4"}],"replies":[{"embeddable":true,"href":"https:\/\/www.obispado-mdp.org.ar\/a\/wp-json\/wp\/v2\/comments?post=43784"}],"version-history":[{"count":1,"href":"https:\/\/www.obispado-mdp.org.ar\/a\/wp-json\/wp\/v2\/posts\/43784\/revisions"}],"predecessor-version":[{"id":43793,"href":"https:\/\/www.obispado-mdp.org.ar\/a\/wp-json\/wp\/v2\/posts\/43784\/revisions\/43793"}],"wp:attachment":[{"href":"https:\/\/www.obispado-mdp.org.ar\/a\/wp-json\/wp\/v2\/media?parent=43784"}],"wp:term":[{"taxonomy":"category","embeddable":true,"href":"https:\/\/www.obispado-mdp.org.ar\/a\/wp-json\/wp\/v2\/categories?post=43784"},{"taxonomy":"post_tag","embeddable":true,"href":"https:\/\/www.obispado-mdp.org.ar\/a\/wp-json\/wp\/v2\/tags?post=43784"}],"curies":[{"name":"wp","href":"https:\/\/api.w.org\/{rel}","templated":true}]}}