{"id":43790,"date":"2024-05-11T07:54:14","date_gmt":"2024-05-11T10:54:14","guid":{"rendered":"https:\/\/www.obispado-mdp.org.ar\/a\/?p=43790"},"modified":"2024-05-11T07:54:15","modified_gmt":"2024-05-11T10:54:15","slug":"jardines-de-infantes-catolicos-celebraron-la-fiesta-de-la-fe","status":"publish","type":"post","link":"https:\/\/www.obispado-mdp.org.ar\/a\/jardines-de-infantes-catolicos-celebraron-la-fiesta-de-la-fe\/","title":{"rendered":"Jardines de Infantes cat\u00f3licos celebraron la \u201cFiesta de la Fe\u201d"},"content":{"rendered":"\n<p>La Junta Regional de Educaci\u00f3n Cat\u00f3lica (JuREC) de la di\u00f3cesis de Mar del Plata llev\u00f3 adelante en instalaciones del Colegio Divino Rostro, de la ciudad de Mar del Plata, la 9na. edici\u00f3n de la Fiesta de la Fe, que este a\u00f1o tuvo como lema \u201dAnimados por la fe, caminando en esperanza\u00bb.<\/p>\n\n\n\n<p>Este tradicional evento re\u00fane a los ni\u00f1os de la tercera secci\u00f3n de los jardines de infantes cat\u00f3licos, ya sean del Obispado o bien de \u00d3rdenes o Congregaciones Religiosas. <\/p>\n\n\n\n<p>En esta ocasi\u00f3n participaron m\u00e1s de 600 alumnos de 13 jardines de infantes, que en un clima de alegr\u00eda fueron protagonistas de distintos momentos que incluyeron momentos de oraci\u00f3n, juegos y m\u00fasica.<\/p>\n\n\n\n<p>El \u00e1rea de Pastoral y Catequesis de la JuREC, que es coordinada por la licenciada Gabriela Tumini y asesorada por el presb\u00edtero Gonzalo Domench fue la encargada de la organizaci\u00f3n.<\/p>\n\n\n\n<p>Los referentes expresaron su alegr\u00eda \u201cpor el compromiso de todas las personas que colaboraron para que los ni\u00f1os y ni\u00f1as de nuestros jardines de infantes pudieran vivir una verdadera fiesta y encontrarse con otros alumnos que son tambi\u00e9n parte de la gran familia que es nuestra Iglesia Diocesana.<\/p>\n\n\n\n<p>\u201dCada a\u00f1o la Fiesta de la Fe tiene un gesto solidario, que este a\u00f1o fue reunir pa\u00f1ales para la instituci\u00f3n diocesana Ain Karem, que ayuda y acompa\u00f1a a las mam\u00e1s embarazadas, la destinataria de los mismos.<\/p>\n\n\n\n<p>Respecto del eje de las actividades desarrolladas en esta edici\u00f3n, explicaron que \u201cse trabaj\u00f3 en torno a la renovaci\u00f3n del Bautismo, en la alegr\u00eda de ser hijos de Dios y hermanos entre nosotros, por lo que a trav\u00e9s de cantos, y signos \u2013particularmente el agua bendita- pudimos celebrar nuestra dignidad bautismal y tambi\u00e9n los adultos renovar nuestra fe con la alegr\u00eda, el entusiasmo y la fe de los m\u00e1s chicos.\u00bb<\/p>\n\n\n\n<p>El administrador apost\u00f3lico, monse\u00f1or Ernesto Giobando sj., hizo llegar su saludo a trav\u00e9s del delegado episcopal de Educaci\u00f3n, presb\u00edtero Juan Cruz Mennilli, quien adem\u00e1s tuvo a cargo la oraci\u00f3n final. Por su parte el presidente de JuREC, contador Javier Sanchez, agradeci\u00f3 a todos los que hicieron posible una vez m\u00e1s esta actividad.<\/p>\n\n\n\n<figure class=\"wp-block-image size-large\"><img loading=\"lazy\" width=\"768\" height=\"1024\" src=\"https:\/\/www.obispado-mdp.org.ar\/a\/wp-content\/uploads\/2024\/05\/IMG-20240510-WA0067-768x1024.jpg\" alt=\"\" class=\"wp-image-43794\"\/><\/figure>\n\n\n\n<figure class=\"wp-block-image size-large is-resized\"><img loading=\"lazy\" src=\"https:\/\/www.obispado-mdp.org.ar\/a\/wp-content\/uploads\/2024\/05\/IMG-20240511-WA0000-1-768x1024.jpg\" alt=\"\" class=\"wp-image-43797\" width=\"398\" height=\"533\"\/><\/figure>\n\n\n\n<figure class=\"wp-block-image size-large\"><img loading=\"lazy\" width=\"768\" height=\"1024\" src=\"https:\/\/www.obispado-mdp.org.ar\/a\/wp-content\/uploads\/2024\/05\/IMG-20240511-WA0001-768x1024.jpg\" alt=\"\" class=\"wp-image-43798\"\/><\/figure>\n\n\n\n<figure class=\"wp-block-image size-large\"><img loading=\"lazy\" width=\"768\" height=\"1024\" src=\"https:\/\/www.obispado-mdp.org.ar\/a\/wp-content\/uploads\/2024\/05\/IMG-20240511-WA0013-768x1024.jpg\" alt=\"\" class=\"wp-image-43799\"\/><\/figure>\n\n\n\n<figure class=\"wp-block-image size-large\"><img loading=\"lazy\" width=\"768\" height=\"1024\" src=\"https:\/\/www.obispado-mdp.org.ar\/a\/wp-content\/uploads\/2024\/05\/IMG-20240510-WA0068-768x1024.jpg\" alt=\"\" class=\"wp-image-43796\"\/><\/figure>\n","protected":false},"excerpt":{"rendered":"<p>La Junta Regional de Educaci\u00f3n Cat\u00f3lica (JuREC) de la di\u00f3cesis de Mar del Plata llev\u00f3 adelante en instalaciones del Colegio Divino Rostro, de la ciudad de Mar del Plata, la 9na. edici\u00f3n de la Fiesta de la Fe, que este a\u00f1o tuvo como lema \u201dAnimados por la fe, caminando en esperanza\u00bb. Este tradicional evento re\u00fane [&hellip;]<\/p>\n","protected":false},"author":4,"featured_media":0,"comment_status":"open","ping_status":"open","sticky":false,"template":"","format":"standard","meta":{"_et_pb_use_builder":"","_et_pb_old_content":"","_et_gb_content_width":""},"categories":[4],"tags":[],"aioseo_notices":[],"_links":{"self":[{"href":"https:\/\/www.obispado-mdp.org.ar\/a\/wp-json\/wp\/v2\/posts\/43790"}],"collection":[{"href":"https:\/\/www.obispado-mdp.org.ar\/a\/wp-json\/wp\/v2\/posts"}],"about":[{"href":"https:\/\/www.obispado-mdp.org.ar\/a\/wp-json\/wp\/v2\/types\/post"}],"author":[{"embeddable":true,"href":"https:\/\/www.obispado-mdp.org.ar\/a\/wp-json\/wp\/v2\/users\/4"}],"replies":[{"embeddable":true,"href":"https:\/\/www.obispado-mdp.org.ar\/a\/wp-json\/wp\/v2\/comments?post=43790"}],"version-history":[{"count":3,"href":"https:\/\/www.obispado-mdp.org.ar\/a\/wp-json\/wp\/v2\/posts\/43790\/revisions"}],"predecessor-version":[{"id":43800,"href":"https:\/\/www.obispado-mdp.org.ar\/a\/wp-json\/wp\/v2\/posts\/43790\/revisions\/43800"}],"wp:attachment":[{"href":"https:\/\/www.obispado-mdp.org.ar\/a\/wp-json\/wp\/v2\/media?parent=43790"}],"wp:term":[{"taxonomy":"category","embeddable":true,"href":"https:\/\/www.obispado-mdp.org.ar\/a\/wp-json\/wp\/v2\/categories?post=43790"},{"taxonomy":"post_tag","embeddable":true,"href":"https:\/\/www.obispado-mdp.org.ar\/a\/wp-json\/wp\/v2\/tags?post=43790"}],"curies":[{"name":"wp","href":"https:\/\/api.w.org\/{rel}","templated":true}]}}