{"id":43809,"date":"2024-05-11T18:22:34","date_gmt":"2024-05-11T21:22:34","guid":{"rendered":"https:\/\/www.obispado-mdp.org.ar\/a\/?p=43809"},"modified":"2024-05-15T13:32:53","modified_gmt":"2024-05-15T16:32:53","slug":"monsenor-giobando-mantuvo-un-encuentro-fraterno-con-los-religiosos-de-la-diocesis","status":"publish","type":"post","link":"https:\/\/www.obispado-mdp.org.ar\/a\/monsenor-giobando-mantuvo-un-encuentro-fraterno-con-los-religiosos-de-la-diocesis\/","title":{"rendered":"Se realiz\u00f3 el encuentro de la Vida Consagrada en la Di\u00f3cesis de Mar del Plata"},"content":{"rendered":"\n<p class=\"has-white-color has-pale-cyan-blue-background-color has-text-color has-background\"><strong>Tuvo lugar en la Parroquia Nuestra Se\u00f1ora de F\u00e1tima, Mar del Plata<\/strong><\/p>\n\n\n\n<p><\/p>\n\n\n\n<p>El pasado s\u00e1bado 11 de mayo los consagrados de la di\u00f3cesis de Mar del Plata se dieron cita en la Parroquia Nuestra Se\u00f1ora de F\u00e1tima, de los Padres Agustinos Recoletos, para un encuentro con el administrador apost\u00f3lico, monse\u00f1or Ernesto Giobando sj.<\/p>\n\n\n\n<p>Al inicio de la jornada, los consagrados compartieron un desayuno, y luego participaron de un momento de oraci\u00f3n en el templo parroquial. Posteriormente, tras la presentaci\u00f3n de cada instituto y forma de vida consagrada, reflexionaron en torno a las preguntas \u201c\u00bfQu\u00e9 esperamos de la Vida Consagrada en la Di\u00f3cesis de Mar del Plata?\u201d y \u201c\u00bfC\u00f3mo vivimos nuestra consagraci\u00f3n en comuni\u00f3n con la Di\u00f3cesis?.\u00bb<\/p>\n\n\n\n<p>Promediando la ma\u00f1ana participaron de la Santa Misa que presidi\u00f3 el Administrador Apost\u00f3lico. Durante la homil\u00eda monse\u00f1or Giobando agradeci\u00f3 la presencia de cada uno de los carismas religiosos en la realidad diocesana, y los llam\u00f3 a fortalecer la oraci\u00f3n, \u201csabiendo que es un di\u00e1logo con aquel que nos ama y nos ha llamado\u201d.<\/p>\n\n\n\n<p>Como uno de los frutos del encuentro, se incorporaron nuevos miembros al Equipo Diocesano Animador de la Vida Consagrada, para reforzar el servicio que se ven\u00eda realizando y generar nuevos aportes.<\/p>\n\n\n\n<figure class=\"wp-block-image size-large\"><img loading=\"lazy\" width=\"1024\" height=\"519\" src=\"https:\/\/www.obispado-mdp.org.ar\/a\/wp-content\/uploads\/2024\/05\/IMG-20240511-WA0059-1024x519.jpg\" alt=\"\" class=\"wp-image-43810\"\/><\/figure>\n\n\n\n<figure class=\"wp-block-image size-large\"><img loading=\"lazy\" width=\"1024\" height=\"653\" src=\"https:\/\/www.obispado-mdp.org.ar\/a\/wp-content\/uploads\/2024\/05\/IMG-20240511-WA0057-1024x653.jpg\" alt=\"\" class=\"wp-image-43811\"\/><\/figure>\n\n\n\n<figure class=\"wp-block-image size-large\"><img loading=\"lazy\" width=\"1024\" height=\"682\" src=\"https:\/\/www.obispado-mdp.org.ar\/a\/wp-content\/uploads\/2024\/05\/IMG-20240511-WA0050-1024x682.jpg\" alt=\"\" class=\"wp-image-43812\"\/><\/figure>\n\n\n\n<figure class=\"wp-block-image size-large\"><img loading=\"lazy\" width=\"1024\" height=\"682\" src=\"https:\/\/www.obispado-mdp.org.ar\/a\/wp-content\/uploads\/2024\/05\/IMG-20240511-WA0049-1024x682.jpg\" alt=\"\" class=\"wp-image-43813\"\/><\/figure>\n\n\n\n<figure class=\"wp-block-image size-large\"><img loading=\"lazy\" width=\"682\" height=\"1024\" src=\"https:\/\/www.obispado-mdp.org.ar\/a\/wp-content\/uploads\/2024\/05\/IMG-20240511-WA0042-682x1024.jpg\" alt=\"\" class=\"wp-image-43816\"\/><\/figure>\n\n\n\n<figure class=\"wp-block-image\"><img alt=\"\"\/><\/figure>\n\n\n\n<p><\/p>\n","protected":false},"excerpt":{"rendered":"<p>Tuvo lugar en la Parroquia Nuestra Se\u00f1ora de F\u00e1tima, Mar del Plata El pasado s\u00e1bado 11 de mayo los consagrados de la di\u00f3cesis de Mar del Plata se dieron cita en la Parroquia Nuestra Se\u00f1ora de F\u00e1tima, de los Padres Agustinos Recoletos, para un encuentro con el administrador apost\u00f3lico, monse\u00f1or Ernesto Giobando sj. Al inicio [&hellip;]<\/p>\n","protected":false},"author":4,"featured_media":0,"comment_status":"open","ping_status":"open","sticky":false,"template":"","format":"standard","meta":{"_et_pb_use_builder":"","_et_pb_old_content":"","_et_gb_content_width":""},"categories":[4],"tags":[],"aioseo_notices":[],"_links":{"self":[{"href":"https:\/\/www.obispado-mdp.org.ar\/a\/wp-json\/wp\/v2\/posts\/43809"}],"collection":[{"href":"https:\/\/www.obispado-mdp.org.ar\/a\/wp-json\/wp\/v2\/posts"}],"about":[{"href":"https:\/\/www.obispado-mdp.org.ar\/a\/wp-json\/wp\/v2\/types\/post"}],"author":[{"embeddable":true,"href":"https:\/\/www.obispado-mdp.org.ar\/a\/wp-json\/wp\/v2\/users\/4"}],"replies":[{"embeddable":true,"href":"https:\/\/www.obispado-mdp.org.ar\/a\/wp-json\/wp\/v2\/comments?post=43809"}],"version-history":[{"count":3,"href":"https:\/\/www.obispado-mdp.org.ar\/a\/wp-json\/wp\/v2\/posts\/43809\/revisions"}],"predecessor-version":[{"id":43834,"href":"https:\/\/www.obispado-mdp.org.ar\/a\/wp-json\/wp\/v2\/posts\/43809\/revisions\/43834"}],"wp:attachment":[{"href":"https:\/\/www.obispado-mdp.org.ar\/a\/wp-json\/wp\/v2\/media?parent=43809"}],"wp:term":[{"taxonomy":"category","embeddable":true,"href":"https:\/\/www.obispado-mdp.org.ar\/a\/wp-json\/wp\/v2\/categories?post=43809"},{"taxonomy":"post_tag","embeddable":true,"href":"https:\/\/www.obispado-mdp.org.ar\/a\/wp-json\/wp\/v2\/tags?post=43809"}],"curies":[{"name":"wp","href":"https:\/\/api.w.org\/{rel}","templated":true}]}}