{"id":43825,"date":"2024-05-14T20:45:08","date_gmt":"2024-05-14T23:45:08","guid":{"rendered":"https:\/\/www.obispado-mdp.org.ar\/a\/?p=43825"},"modified":"2024-05-14T20:45:10","modified_gmt":"2024-05-14T23:45:10","slug":"gran-celebracion-en-honor-a-nuestra-senora-de-fatima","status":"publish","type":"post","link":"https:\/\/www.obispado-mdp.org.ar\/a\/gran-celebracion-en-honor-a-nuestra-senora-de-fatima\/","title":{"rendered":"Gran celebraci\u00f3n en honor a Nuestra Se\u00f1ora de F\u00e1tima"},"content":{"rendered":"\n<p><\/p>\n\n\n\n<p>Entrada la tarde del lunes 13 de mayo, y a pesar de los largos chubascos que amenazaron el clima durante el d\u00eda, la comunidad de Mar del Plata se congreg\u00f3 en torno a la Parroquia ubicada en Alberti y G\u00fcemes para celebrar a su Patrona, Nuestra Se\u00f1ora de F\u00e1tima.<\/p>\n\n\n\n<p>En primer t\u00e9rmino los fieles pudieron presenciar el tradicional desfile de Bandas Militares en honor a Nuestra Se\u00f1ora, del que participaron la Banda Musical Militar de la Agrupaci\u00f3n de Artiller\u00eda Antia\u00e9rea de Ej\u00e9rcito 601-Escuela, la Banda Musical de la Base Naval Mar del Plata de la Armada Argentina y la Banda Musical Santa B\u00e1rbara de la Base A\u00e9rea Militar Mar del Plata de la Fuerza A\u00e9rea Argentina. Con un repertorio popular, que adem\u00e1s de marchas militares incluy\u00f3 canciones folkl\u00f3ricos y pop, animaron la feligres\u00eda hasta la salida de la Imagen Peregrina de la Virgen.<\/p>\n\n\n\n<p>Luego comenz\u00f3 la procesi\u00f3n, en la que se realiz\u00f3 un homenaje a los veteranos de guerra y ca\u00eddos en ejercicio del deber. Por las calles del barrio y la zona comercial, el administrador apost\u00f3lico, monse\u00f1or Ernesto Giobando sj., acompa\u00f1\u00f3 el caminar de los peregrinos y el rezo del Santo Rosario, bendijo hogares de ancianos y se detuvo a orar en la ermita de la Virgen instalada en la Plaza Beato Eduardo Francisco Cardenal Pironio.<\/p>\n\n\n\n<p>Ya de regreso en el templo parroquial y antes del inicio de la Misa, las comunidades educativas presentes realizaron un cord\u00f3n de honor para el ingreso de la Imagen Peregrina, que estuvo encabezado por la Bandera de Guerra de la Fuerza A\u00e9rea y escoltados por las insignias de Infanter\u00eda.&nbsp;<\/p>\n\n\n\n<p>Durante la homil\u00eda -con especial dedicaci\u00f3n a los ni\u00f1os presentes- el Administrador Apost\u00f3lico se refiri\u00f3 a la manifestaci\u00f3n de la Sant\u00edsima Virgen que conmemoramos cada 13 de mayo, destacando el dif\u00edcil contexto de la primera Guerra Mundial en el que aconteci\u00f3, y afirmando que \u201csiempre que estamos en dificultades, sabemos que Mar\u00eda nos acompa\u00f1a.\u201d Y concluy\u00f3 su mensaje invitando a las familias al rezar juntos, y a transmitir la devoci\u00f3n a la Virgen.<\/p>\n\n\n\n<p>Finalizando la Misa, el Administrador Apost\u00f3lico recibi\u00f3 de las autoridades municipales sendos reconocimientos de inter\u00e9s tanto del Ente Municipal de Turismo y Cultura como del Honorable Concejo Deliberante, entregados por la Concejal Florencia Ranelucci -en representaci\u00f3n del Intendente Municipal-, el concejal Juli\u00e1n Bussetti, y el presidente del mencionado Ente, Bernardo Mart\u00edn.<\/p>\n\n\n\n<p>Al t\u00e9rmino de la celebraci\u00f3n, monse\u00f1or Giobando bendijo la Imagen Titular de Nuestra Se\u00f1ora del Rosario de F\u00e1tima, restaurada por un grupo de fieles de esa comunidad parroquial.<\/p>\n\n\n\n<figure class=\"wp-block-image size-large is-resized\"><img loading=\"lazy\" src=\"https:\/\/www.obispado-mdp.org.ar\/a\/wp-content\/uploads\/2024\/05\/Imagen-de-WhatsApp-2024-05-14-a-las-18.21.20_ab4ee597-681x1024.jpg\" alt=\"\" class=\"wp-image-43826\" width=\"820\" height=\"1233\"\/><\/figure>\n\n\n\n<figure class=\"wp-block-image size-large\"><img loading=\"lazy\" width=\"1024\" height=\"681\" src=\"https:\/\/www.obispado-mdp.org.ar\/a\/wp-content\/uploads\/2024\/05\/Imagen-de-WhatsApp-2024-05-14-a-las-18.21.21_9b30e7eb-1024x681.jpg\" alt=\"\" class=\"wp-image-43830\"\/><\/figure>\n\n\n\n<figure class=\"wp-block-image size-large\"><img loading=\"lazy\" width=\"1024\" height=\"681\" src=\"https:\/\/www.obispado-mdp.org.ar\/a\/wp-content\/uploads\/2024\/05\/Imagen-de-WhatsApp-2024-05-14-a-las-18.21.24_6578e92d-1024x681.jpg\" alt=\"\" class=\"wp-image-43827\"\/><\/figure>\n\n\n\n<figure class=\"wp-block-image size-large\"><img loading=\"lazy\" width=\"1024\" height=\"681\" src=\"https:\/\/www.obispado-mdp.org.ar\/a\/wp-content\/uploads\/2024\/05\/Imagen-de-WhatsApp-2024-05-14-a-las-18.21.24_db42be20-1024x681.jpg\" alt=\"\" class=\"wp-image-43828\"\/><\/figure>\n\n\n\n<figure class=\"wp-block-image size-large\"><img loading=\"lazy\" width=\"1024\" height=\"682\" src=\"https:\/\/www.obispado-mdp.org.ar\/a\/wp-content\/uploads\/2024\/05\/Imagen-de-WhatsApp-2024-05-14-a-las-17.13.52_fe265e3b-1024x682.jpg\" alt=\"\" class=\"wp-image-43832\"\/><\/figure>\n\n\n\n<figure class=\"wp-block-image size-large\"><img loading=\"lazy\" width=\"1024\" height=\"682\" src=\"https:\/\/www.obispado-mdp.org.ar\/a\/wp-content\/uploads\/2024\/05\/Imagen-de-WhatsApp-2024-05-14-a-las-17.13.47_3a0d0980-1024x682.jpg\" alt=\"\" class=\"wp-image-43829\"\/><\/figure>\n","protected":false},"excerpt":{"rendered":"<p>Entrada la tarde del lunes 13 de mayo, y a pesar de los largos chubascos que amenazaron el clima durante el d\u00eda, la comunidad de Mar del Plata se congreg\u00f3 en torno a la Parroquia ubicada en Alberti y G\u00fcemes para celebrar a su Patrona, Nuestra Se\u00f1ora de F\u00e1tima. En primer t\u00e9rmino los fieles pudieron [&hellip;]<\/p>\n","protected":false},"author":4,"featured_media":0,"comment_status":"open","ping_status":"open","sticky":false,"template":"","format":"standard","meta":{"_et_pb_use_builder":"","_et_pb_old_content":"","_et_gb_content_width":""},"categories":[4],"tags":[],"aioseo_notices":[],"_links":{"self":[{"href":"https:\/\/www.obispado-mdp.org.ar\/a\/wp-json\/wp\/v2\/posts\/43825"}],"collection":[{"href":"https:\/\/www.obispado-mdp.org.ar\/a\/wp-json\/wp\/v2\/posts"}],"about":[{"href":"https:\/\/www.obispado-mdp.org.ar\/a\/wp-json\/wp\/v2\/types\/post"}],"author":[{"embeddable":true,"href":"https:\/\/www.obispado-mdp.org.ar\/a\/wp-json\/wp\/v2\/users\/4"}],"replies":[{"embeddable":true,"href":"https:\/\/www.obispado-mdp.org.ar\/a\/wp-json\/wp\/v2\/comments?post=43825"}],"version-history":[{"count":2,"href":"https:\/\/www.obispado-mdp.org.ar\/a\/wp-json\/wp\/v2\/posts\/43825\/revisions"}],"predecessor-version":[{"id":43833,"href":"https:\/\/www.obispado-mdp.org.ar\/a\/wp-json\/wp\/v2\/posts\/43825\/revisions\/43833"}],"wp:attachment":[{"href":"https:\/\/www.obispado-mdp.org.ar\/a\/wp-json\/wp\/v2\/media?parent=43825"}],"wp:term":[{"taxonomy":"category","embeddable":true,"href":"https:\/\/www.obispado-mdp.org.ar\/a\/wp-json\/wp\/v2\/categories?post=43825"},{"taxonomy":"post_tag","embeddable":true,"href":"https:\/\/www.obispado-mdp.org.ar\/a\/wp-json\/wp\/v2\/tags?post=43825"}],"curies":[{"name":"wp","href":"https:\/\/api.w.org\/{rel}","templated":true}]}}