{"id":43840,"date":"2024-05-17T22:09:46","date_gmt":"2024-05-18T01:09:46","guid":{"rendered":"https:\/\/www.obispado-mdp.org.ar\/a\/?p=43840"},"modified":"2024-05-17T22:09:47","modified_gmt":"2024-05-18T01:09:47","slug":"se-celebraron-los-20-anos-de-la-canonizacion-de-san-luis-orione","status":"publish","type":"post","link":"https:\/\/www.obispado-mdp.org.ar\/a\/se-celebraron-los-20-anos-de-la-canonizacion-de-san-luis-orione\/","title":{"rendered":"Se celebraron los 20 a\u00f1os de la canonizaci\u00f3n de San Luis Orione"},"content":{"rendered":"\n<p>En el patio del Colegio Don Orione, la comunidad educativa de la \u201cPeque\u00f1a Obra de la Divina Providencia\u201d celebr\u00f3 este jueves 16 la fiesta del santo fundador, a veinte a\u00f1os de su canonizaci\u00f3n. Tambi\u00e9n residentes del Peque\u00f1o Cottolengo e integrantes del Hogar de Cristo participaron de la jornada en honor a su Patrono.<\/p>\n\n\n\n<p>Asimismo y aprovechando ese marco, se impuso el nombre de \u201cBeato Eduardo Pironio\u201d al imponente patio de la instituci\u00f3n, que ahora luce una imagen del recientemente beatificado cardenal, quien fuera el segundo obispo de la di\u00f3cesis de Mar del Plata.<\/p>\n\n\n\n<p>El administrador apost\u00f3lico, monse\u00f1or Ernesto Giobando sj., particip\u00f3 del acto y dio un mensaje especialmente dirigido a los alumnos all\u00ed presentes. \u201cAs\u00ed como en las im\u00e1genes que presiden este lugar, vemos la sonrisa de San Luis Orione y del Beato Eduardo Pironio, le pedimos a Dios que nos regale siempre la sonrisa del coraz\u00f3n y de la cara, porque sabemos que \u00c9l esta siempre con nosotros\u201d, les dijo. Seguidamente imparti\u00f3 la bendici\u00f3n sobre el lugar y roci\u00f3 con agua bendita a los alumnos, mientras cantaban animadamente.<\/p>\n\n\n\n<p>En un momento emotivo de la ceremonia, la madre de Juan Manuel, el ni\u00f1o -hoy adolescente- curado milagrosamente por intercesi\u00f3n del Beato Pironio, comparti\u00f3 su testimonio, a la vez que el propio Juan Manuel convers\u00f3 con varios alumnos y con monse\u00f1or Giobando.<\/p>\n\n\n\n<p>Finalmente, alumnos de los distintos cursos realizaron representaciones acerca de la vida de Don Orione, y con distintas manifestaciones art\u00edsticas dieron un colorido especial a una jornada llena de alegr\u00eda y devoci\u00f3n<\/p>\n\n\n\n<figure class=\"wp-block-image size-large\"><img loading=\"lazy\" width=\"1024\" height=\"768\" src=\"https:\/\/www.obispado-mdp.org.ar\/a\/wp-content\/uploads\/2024\/05\/Imagen-de-WhatsApp-2024-05-17-a-las-21.28.03_7cccfd1e-1024x768.jpg\" alt=\"\" class=\"wp-image-43841\"\/><\/figure>\n\n\n\n<figure class=\"wp-block-image size-large\"><img loading=\"lazy\" width=\"1024\" height=\"768\" src=\"https:\/\/www.obispado-mdp.org.ar\/a\/wp-content\/uploads\/2024\/05\/Imagen-de-WhatsApp-2024-05-17-a-las-21.28.00_d9221dc1-1024x768.jpg\" alt=\"\" class=\"wp-image-43842\"\/><\/figure>\n\n\n\n<figure class=\"wp-block-image size-large\"><img loading=\"lazy\" width=\"1024\" height=\"634\" src=\"https:\/\/www.obispado-mdp.org.ar\/a\/wp-content\/uploads\/2024\/05\/Imagen-de-WhatsApp-2024-05-17-a-las-21.28.01_fb477b64-1024x634.jpg\" alt=\"\" class=\"wp-image-43843\"\/><\/figure>\n","protected":false},"excerpt":{"rendered":"<p>En el patio del Colegio Don Orione, la comunidad educativa de la \u201cPeque\u00f1a Obra de la Divina Providencia\u201d celebr\u00f3 este jueves 16 la fiesta del santo fundador, a veinte a\u00f1os de su canonizaci\u00f3n. Tambi\u00e9n residentes del Peque\u00f1o Cottolengo e integrantes del Hogar de Cristo participaron de la jornada en honor a su Patrono. Asimismo y [&hellip;]<\/p>\n","protected":false},"author":4,"featured_media":0,"comment_status":"open","ping_status":"open","sticky":false,"template":"","format":"standard","meta":{"_et_pb_use_builder":"","_et_pb_old_content":"","_et_gb_content_width":""},"categories":[4],"tags":[],"aioseo_notices":[],"_links":{"self":[{"href":"https:\/\/www.obispado-mdp.org.ar\/a\/wp-json\/wp\/v2\/posts\/43840"}],"collection":[{"href":"https:\/\/www.obispado-mdp.org.ar\/a\/wp-json\/wp\/v2\/posts"}],"about":[{"href":"https:\/\/www.obispado-mdp.org.ar\/a\/wp-json\/wp\/v2\/types\/post"}],"author":[{"embeddable":true,"href":"https:\/\/www.obispado-mdp.org.ar\/a\/wp-json\/wp\/v2\/users\/4"}],"replies":[{"embeddable":true,"href":"https:\/\/www.obispado-mdp.org.ar\/a\/wp-json\/wp\/v2\/comments?post=43840"}],"version-history":[{"count":1,"href":"https:\/\/www.obispado-mdp.org.ar\/a\/wp-json\/wp\/v2\/posts\/43840\/revisions"}],"predecessor-version":[{"id":43844,"href":"https:\/\/www.obispado-mdp.org.ar\/a\/wp-json\/wp\/v2\/posts\/43840\/revisions\/43844"}],"wp:attachment":[{"href":"https:\/\/www.obispado-mdp.org.ar\/a\/wp-json\/wp\/v2\/media?parent=43840"}],"wp:term":[{"taxonomy":"category","embeddable":true,"href":"https:\/\/www.obispado-mdp.org.ar\/a\/wp-json\/wp\/v2\/categories?post=43840"},{"taxonomy":"post_tag","embeddable":true,"href":"https:\/\/www.obispado-mdp.org.ar\/a\/wp-json\/wp\/v2\/tags?post=43840"}],"curies":[{"name":"wp","href":"https:\/\/api.w.org\/{rel}","templated":true}]}}