{"id":43859,"date":"2024-05-30T09:43:22","date_gmt":"2024-05-30T12:43:22","guid":{"rendered":"https:\/\/www.obispado-mdp.org.ar\/a\/?p=43859"},"modified":"2024-05-30T09:45:40","modified_gmt":"2024-05-30T12:45:40","slug":"se-puso-en-marcha-un-programa-de-alfabetizacion-en-las-comunidades-del-sur","status":"publish","type":"post","link":"https:\/\/www.obispado-mdp.org.ar\/a\/se-puso-en-marcha-un-programa-de-alfabetizacion-en-las-comunidades-del-sur\/","title":{"rendered":"Se puso en marcha un programa de alfabetizaci\u00f3n en las Comunidades del Sur"},"content":{"rendered":"\n<p>En conjunto con la Fundaci\u00f3n Hacemos, la Di\u00f3cesis de Mar del Plata a trav\u00e9s de los agentes pastorales de las comunidades del sur de la ciudad Santa Rosa y Divino Ni\u00f1o, se lanz\u00f3 el Programa \u201cPrimero ABC\u201d. El mismo est\u00e1 dise\u00f1ado para ni\u00f1os de entre 5 y 12 a\u00f1os, y tiene como objetivo principal lograr la alfabetizaci\u00f3n plena de los participantes.<\/p>\n\n\n\n<p>\u00abPrimero ABC\u00bb se desarrollar\u00e1 a lo largo de seis meses, durante los cuales los ni\u00f1os adquirir\u00e1n las habilidades necesarias de lectura, escritura y comprensi\u00f3n de textos.<\/p>\n\n\n\n<p> El programa se sustenta en tres manuales dise\u00f1ados para permitir que cada ni\u00f1o avance de manera aut\u00f3noma, siempre con el acompa\u00f1amiento de un adulto alfabetizador.<\/p>\n\n\n\n<p>El proceso comienza con una evaluaci\u00f3n diagn\u00f3stica inicial para determinar el punto de partida de cada ni\u00f1o. <\/p>\n\n\n\n<p>Al finalizar el programa, los alfabetizadores voluntarios realizar\u00e1n una nueva evaluaci\u00f3n para constatar los aprendizajes adquiridos.<\/p>\n\n\n\n<p>En las Comunidades del Sur, se mostraron \u201centusiasmados por los beneficios que este programa traer\u00e1 a nuestras comunidades y confiamos en que contribuir\u00e1 significativamente al desarrollo educativo de nuestros ni\u00f1os.\u201d<\/p>\n\n\n\n<figure class=\"wp-block-image size-large\"><img loading=\"lazy\" width=\"1024\" height=\"768\" src=\"https:\/\/www.obispado-mdp.org.ar\/a\/wp-content\/uploads\/2024\/05\/Para-nombramientos-WEB-1-1024x768.png\" alt=\"\" class=\"wp-image-43862\"\/><\/figure>\n","protected":false},"excerpt":{"rendered":"<p>En conjunto con la Fundaci\u00f3n Hacemos, la Di\u00f3cesis de Mar del Plata a trav\u00e9s de los agentes pastorales de las comunidades del sur de la ciudad Santa Rosa y Divino Ni\u00f1o, se lanz\u00f3 el Programa \u201cPrimero ABC\u201d. El mismo est\u00e1 dise\u00f1ado para ni\u00f1os de entre 5 y 12 a\u00f1os, y tiene como objetivo principal lograr [&hellip;]<\/p>\n","protected":false},"author":4,"featured_media":0,"comment_status":"open","ping_status":"open","sticky":false,"template":"","format":"standard","meta":{"_et_pb_use_builder":"","_et_pb_old_content":"","_et_gb_content_width":""},"categories":[4],"tags":[],"aioseo_notices":[],"_links":{"self":[{"href":"https:\/\/www.obispado-mdp.org.ar\/a\/wp-json\/wp\/v2\/posts\/43859"}],"collection":[{"href":"https:\/\/www.obispado-mdp.org.ar\/a\/wp-json\/wp\/v2\/posts"}],"about":[{"href":"https:\/\/www.obispado-mdp.org.ar\/a\/wp-json\/wp\/v2\/types\/post"}],"author":[{"embeddable":true,"href":"https:\/\/www.obispado-mdp.org.ar\/a\/wp-json\/wp\/v2\/users\/4"}],"replies":[{"embeddable":true,"href":"https:\/\/www.obispado-mdp.org.ar\/a\/wp-json\/wp\/v2\/comments?post=43859"}],"version-history":[{"count":2,"href":"https:\/\/www.obispado-mdp.org.ar\/a\/wp-json\/wp\/v2\/posts\/43859\/revisions"}],"predecessor-version":[{"id":43863,"href":"https:\/\/www.obispado-mdp.org.ar\/a\/wp-json\/wp\/v2\/posts\/43859\/revisions\/43863"}],"wp:attachment":[{"href":"https:\/\/www.obispado-mdp.org.ar\/a\/wp-json\/wp\/v2\/media?parent=43859"}],"wp:term":[{"taxonomy":"category","embeddable":true,"href":"https:\/\/www.obispado-mdp.org.ar\/a\/wp-json\/wp\/v2\/categories?post=43859"},{"taxonomy":"post_tag","embeddable":true,"href":"https:\/\/www.obispado-mdp.org.ar\/a\/wp-json\/wp\/v2\/tags?post=43859"}],"curies":[{"name":"wp","href":"https:\/\/api.w.org\/{rel}","templated":true}]}}