{"id":43873,"date":"2024-06-01T20:03:15","date_gmt":"2024-06-01T23:03:15","guid":{"rendered":"https:\/\/www.obispado-mdp.org.ar\/a\/?p=43873"},"modified":"2024-06-01T20:08:21","modified_gmt":"2024-06-01T23:08:21","slug":"corpus-christi-fe-y-devocion-a-jesus-en-la-eucaristia","status":"publish","type":"post","link":"https:\/\/www.obispado-mdp.org.ar\/a\/corpus-christi-fe-y-devocion-a-jesus-en-la-eucaristia\/","title":{"rendered":"Corpus Christi: Fe y devoci\u00f3n a Jes\u00fas en la Eucarist\u00eda"},"content":{"rendered":"\n<p>Cientos de fieles celebraron el Corpus Christi y manifestaron su fe y devoci\u00f3n en la presencia real de Jes\u00fas en la Eucarist\u00eda, con la Misa en la Catedral y la procesi\u00f3n por las calles del centro.<\/p>\n\n\n\n<p>Homil\u00eda del Administrador Apost\u00f3lico<\/p>\n\n\n\n<p><\/p>\n\n\n\n<p><strong>\u201c\u00bfD\u00f3nde quieres que te preparemos la comida pascual?\u201d<\/strong><\/p>\n\n\n\n<p>La Pascua cristiana es la muerte y resurrecci\u00f3n del Se\u00f1or Jes\u00fas, y la nueva comida pascual es su Cuerpo y Sangre, instituida en la cena pascual jud\u00eda. La Eucarist\u00eda es el \u201cmemorial\u201d de su pascua, porque cada vez que celebramos la Eucarist\u00eda \u201canunciamos tu muerte y proclamamos tu resurrecci\u00f3n, ven Se\u00f1or Jes\u00fas\u201d.<\/p>\n\n\n\n<p>Los disc\u00edpulos le preguntan a Jes\u00fas d\u00f3nde quiere que preparen la cena pascual. El Se\u00f1or da una serie de indicaciones: la ciudad, un hombre con un c\u00e1ntaro de agua, la habitaci\u00f3n de arriba preparada para la cena\u2026una cena que no se improvisa, se prepara, como tambi\u00e9n nosotros tenemos que preparar la Eucarist\u00eda.<\/p>\n\n\n\n<p>La celebramos fundamentalmente en un templo, donde todo est\u00e1 dispuesto, pero a veces se celebra en otros espacios: en una plaza, en la monta\u00f1a, en la c\u00e1rcel, en un hospital, en medio de las casillas de los m\u00e1s pobres, en el Hogar de Cristo. <\/p>\n\n\n\n<p>Otras veces en las casas para fortalecer y consolar a un enfermo o en el cementerio para rezar por nuestros difuntos. En realidad, donde hay una necesidad que requiere la presencia y la fuerza de la Eucarist\u00eda, con las debidas disposiciones, podemos celebrar este misterio de la fe.<\/p>\n\n\n\n<p>En estos lugares el Se\u00f1or se hace presente y el mismo se transforma en alimento. De all\u00ed la necesidad de recibir la Eucarist\u00eda como el alimento de nuestro amor cristiano. <\/p>\n\n\n\n<p>Quiero recordar a un joven contempor\u00e1neo que pr\u00f3ximamente el Papa Francisco lo har\u00e1 santo: el querido Beato Carlo Acutis \u201cel ap\u00f3stol de internet\u201d, quien falleciera a los 15 a\u00f1os de edad, su vida fue un gran amor a Jes\u00fas en la Eucarist\u00eda. Tuvo la gracia de poder recibirla diariamente y dedicaba tiempo de adoraci\u00f3n eucar\u00edstica sabiendo que era la \u201cautopista hacia el Cielo\u201d. <\/p>\n\n\n\n<p>Nos dice Carlo:<\/p>\n\n\n\n<p>\u201cMucha gente, seg\u00fan creo, no comprende verdadera y profundamente el valor de la Santa Misa, porque si se diera cuenta de la gran fortuna que el Se\u00f1or nos ha dado, d\u00e1ndose como nuestro alimento y bebida en la Hostia Santa, ir\u00eda todos los d\u00edas a la Iglesia para participar de los frutos del Sacrificio celebrado, y renunciar\u00eda a tantas cosas superfluas\u2026\u201d.<\/p>\n\n\n\n<p>Pidamos esta gracia en este d\u00eda de Corpus: la gracia de la comuni\u00f3n diaria.<\/p>\n\n\n\n<p>Preparemos entonces un lugar para la Eucarist\u00eda, con toda sobriedad y sencillez y con un profundo respeto. Que ese lugar sea nuestro coraz\u00f3n, un coraz\u00f3n purificado por la misericordia divina, con recta intenci\u00f3n. D\u00e9mosle a Jes\u00fas el lugar que se merece, como c\u00e1ntaros fr\u00e1giles pero llenos de su gracia infinita. <\/p>\n\n\n\n<p>Hay lugares donde a\u00fan no est\u00e1n tocados por Jes\u00fas, son lugares donde se instala la queja, la desaz\u00f3n, y con ello las ganas de tirar todo \u201cpor la borda\u201d. Tiremos afuera \u00a1s\u00ed! el lastre in\u00fatil, estamos en la barca de Pedro, en plena tormenta, pero Jes\u00fas duerme, ya se levantar\u00e1 y nos dir\u00e1: \u201c\u00bfPor qu\u00e9 tienen miedo, hombres de poca fe?\u201d (Mt. 8, 26-27).<\/p>\n\n\n\n<p>\u201cJes\u00fas tom\u00f3 el pan, dio la bendici\u00f3n, lo parti\u00f3 y se los dio\u2026\u201d. El Pan de la Eucarist\u00eda se parte y se reparte, porque de ese Pan siempre tendremos hambre. Y la Eucarist\u00eda nos lleva a la caridad, a llevar el pan a tantos partidos hoy por la miseria y la pobreza.<\/p>\n\n\n\n<p>Las palabras del Papa Francisco en la homil\u00eda de Corpus del a\u00f1o 2020, en plena pandemia nos dec\u00eda:<br>\u201cEl Se\u00f1or, que se nos ofrece en la sencillez del pan, nos invita tambi\u00e9n a no malgastar nuestras vidas buscando mil cosas in\u00fatiles que crean dependencia y dejan vac\u00edo nuestro interior.<\/p>\n\n\n\n<p> La Eucarist\u00eda quita en nosotros el hambre por las cosas y enciende el deseo de servir. Nos levanta de nuestro c\u00f3modo sedentarismo y nos recuerda que no somos solamente bocas que alimentar, sino tambi\u00e9n sus manos para alimentar a nuestro pr\u00f3jimo. <\/p>\n\n\n\n<p>Es urgente que ahora nos hagamos cargo de los que tienen hambre de comida y de dignidad, de los que no tienen trabajo y luchan por salir adelante. Y hacerlo de manera concreta, como concreto es el Pan que Jes\u00fas nos da. <\/p>\n\n\n\n<p>Hace falta una cercan\u00eda verdadera, hacen falta aut\u00e9nticas\u00a0cadenas de solidaridad. Jes\u00fas en la Eucarist\u00eda se hace cercano a nosotros, \u00a1no dejemos solos a quienes est\u00e1n cerca nuestro!\u201d (Homil\u00eda del Papa Francisco en la Misa de Corpus, 14 de junio 2020).<\/p>\n\n\n\n<p>En la procesi\u00f3n de Corpus que vamos a realizar despu\u00e9s de la Misa, nos inspiran las palabras de Santo Tomas, delante de Jes\u00fas resucitado: \u201c\u00a1Se\u00f1or m\u00edo y Dios m\u00edo!\u201d. Que esa confesi\u00f3n de fe que solemos repetir en silencio en la elevaci\u00f3n del Cuerpo y de la Sangre de Cristo, nos ayuden a fortalecer nuestra fe, nuestra esperanza y caridad.<\/p>\n\n\n\n<p>Ponemos nuestra vida y nuestra di\u00f3cesis baja la mirada de Mar\u00eda, con las palabras del Beato Cardenal Pironio:<\/p>\n\n\n\n<p>\u201cEn Ella \u2014que nos dio la carne y la sangre de la Eucarist\u00eda\u2014 ponemos nuestra confianza y comprometemos nuestra disponibilidad\u201d. <\/p>\n\n\n\n<p>Que as\u00ed sea.<\/p>\n\n\n\n<p><\/p>\n\n\n\n<figure class=\"wp-block-image size-large\"><img loading=\"lazy\" width=\"1024\" height=\"768\" src=\"https:\/\/www.obispado-mdp.org.ar\/a\/wp-content\/uploads\/2024\/06\/stmo-en-alto-1024x768.jpg\" alt=\"\" class=\"wp-image-43877\"\/><\/figure>\n\n\n\n<figure class=\"wp-block-image size-large\"><img loading=\"lazy\" width=\"1024\" height=\"768\" src=\"https:\/\/www.obispado-mdp.org.ar\/a\/wp-content\/uploads\/2024\/06\/Imagen-de-WhatsApp-2024-06-01-a-las-18.06.45_a5ad3d52-1024x768.jpg\" alt=\"\" class=\"wp-image-43875\"\/><\/figure>\n\n\n\n<figure class=\"wp-block-image size-large\"><img loading=\"lazy\" width=\"1024\" height=\"768\" src=\"https:\/\/www.obispado-mdp.org.ar\/a\/wp-content\/uploads\/2024\/06\/Imagen-de-WhatsApp-2024-06-01-a-las-18.08.47_1cd020be-1024x768.jpg\" alt=\"\" class=\"wp-image-43876\"\/><\/figure>\n\n\n\n<figure class=\"wp-block-image size-large\"><img loading=\"lazy\" width=\"1024\" height=\"768\" src=\"https:\/\/www.obispado-mdp.org.ar\/a\/wp-content\/uploads\/2024\/06\/Imagen-de-WhatsApp-2024-06-01-a-las-18.10.04_1c0d2f4f-1024x768.jpg\" alt=\"\" class=\"wp-image-43878\"\/><\/figure>\n","protected":false},"excerpt":{"rendered":"<p>Cientos de fieles celebraron el Corpus Christi y manifestaron su fe y devoci\u00f3n en la presencia real de Jes\u00fas en la Eucarist\u00eda, con la Misa en la Catedral y la procesi\u00f3n por las calles del centro. Homil\u00eda del Administrador Apost\u00f3lico \u201c\u00bfD\u00f3nde quieres que te preparemos la comida pascual?\u201d La Pascua cristiana es la muerte y [&hellip;]<\/p>\n","protected":false},"author":4,"featured_media":0,"comment_status":"open","ping_status":"open","sticky":false,"template":"","format":"standard","meta":{"_et_pb_use_builder":"","_et_pb_old_content":"","_et_gb_content_width":""},"categories":[4],"tags":[],"aioseo_notices":[],"_links":{"self":[{"href":"https:\/\/www.obispado-mdp.org.ar\/a\/wp-json\/wp\/v2\/posts\/43873"}],"collection":[{"href":"https:\/\/www.obispado-mdp.org.ar\/a\/wp-json\/wp\/v2\/posts"}],"about":[{"href":"https:\/\/www.obispado-mdp.org.ar\/a\/wp-json\/wp\/v2\/types\/post"}],"author":[{"embeddable":true,"href":"https:\/\/www.obispado-mdp.org.ar\/a\/wp-json\/wp\/v2\/users\/4"}],"replies":[{"embeddable":true,"href":"https:\/\/www.obispado-mdp.org.ar\/a\/wp-json\/wp\/v2\/comments?post=43873"}],"version-history":[{"count":11,"href":"https:\/\/www.obispado-mdp.org.ar\/a\/wp-json\/wp\/v2\/posts\/43873\/revisions"}],"predecessor-version":[{"id":43890,"href":"https:\/\/www.obispado-mdp.org.ar\/a\/wp-json\/wp\/v2\/posts\/43873\/revisions\/43890"}],"wp:attachment":[{"href":"https:\/\/www.obispado-mdp.org.ar\/a\/wp-json\/wp\/v2\/media?parent=43873"}],"wp:term":[{"taxonomy":"category","embeddable":true,"href":"https:\/\/www.obispado-mdp.org.ar\/a\/wp-json\/wp\/v2\/categories?post=43873"},{"taxonomy":"post_tag","embeddable":true,"href":"https:\/\/www.obispado-mdp.org.ar\/a\/wp-json\/wp\/v2\/tags?post=43873"}],"curies":[{"name":"wp","href":"https:\/\/api.w.org\/{rel}","templated":true}]}}