{"id":43892,"date":"2024-06-03T18:33:14","date_gmt":"2024-06-03T21:33:14","guid":{"rendered":"https:\/\/www.obispado-mdp.org.ar\/a\/?p=43892"},"modified":"2024-06-03T18:33:15","modified_gmt":"2024-06-03T21:33:15","slug":"se-reunieron-las-autoridades-de-los-centros-de-estudiantes-de-escuelas-catolicas","status":"publish","type":"post","link":"https:\/\/www.obispado-mdp.org.ar\/a\/se-reunieron-las-autoridades-de-los-centros-de-estudiantes-de-escuelas-catolicas\/","title":{"rendered":"<strong>Se reunieron las autoridades de los centros de estudiantes de escuelas cat\u00f3licas<\/strong>"},"content":{"rendered":"\n<p>Convocados por la Junta Regional de Educaci\u00f3n Cat\u00f3lica (JuREC) de la di\u00f3cesis de Mar del Plata, presidentes y vicepresidentes de los distintos centros de estudiantes de las escuelas cat\u00f3licas de la di\u00f3cesis, mantuvieron&nbsp; un encuentro organizado por el Equipo de Centros de Estudiantes, del \u00c1rea de Pastoral de JuREC. En esta oportunidad, asistieron m\u00e1s de 50 alumnos, acompa\u00f1ados por sus docentes.<\/p>\n\n\n\n<p>El encuentro tuvo lugar en la sede de la Junta, y comenz\u00f3 con un momento de conversaci\u00f3n en grupos peque\u00f1os y con una oraci\u00f3n en la cripta de la Iglesia Catedral. Luego, los estudiantes presentaron las problem\u00e1ticas y desaf\u00edos propios de cada una de sus realidades, y evaluaron juntos distintas propuestas para poder llevar adelante.<\/p>\n\n\n\n<p>El administrador apost\u00f3lico, monse\u00f1or Ernesto Giobando tambi\u00e9n particip\u00f3 durante un momento del encuentro, en el que les dirigi\u00f3 su mensaje, y dialog\u00f3 con los participantes del encuentro. Por parte de la JuREC, tanto el delegado episcopal, presb\u00edtero Juan Cruz Mennilli, como el presidente, Javier Sanchez, agradecieron a los responsables del \u00c1rea de Pastoral, Gabriela Tumini y presb\u00edtero Gonzalo Domench, y a todo el equipo que viene trabajando intensamente para generar este espacio de encuentro, escucha y trabajo con los representantes de los centros de estudiantes. <\/p>\n\n\n\n<p>Asimismo, manifestaron que \u201ces una prioridad favorece estos espacios de participaci\u00f3n y de escucha, que nos enriquecen a todos.\u201d\u00a0<\/p>\n\n\n\n<figure class=\"wp-block-image size-large\"><img loading=\"lazy\" width=\"1024\" height=\"768\" src=\"https:\/\/www.obispado-mdp.org.ar\/a\/wp-content\/uploads\/2024\/06\/Imagen-de-WhatsApp-2024-06-03-a-las-10.07.26_0648cf16-1024x768.jpg\" alt=\"\" class=\"wp-image-43893\"\/><\/figure>\n\n\n\n<figure class=\"wp-block-image size-large\"><img loading=\"lazy\" width=\"1024\" height=\"768\" src=\"https:\/\/www.obispado-mdp.org.ar\/a\/wp-content\/uploads\/2024\/06\/Imagen-de-WhatsApp-2024-06-03-a-las-10.07.27_65a2e547-1024x768.jpg\" alt=\"\" class=\"wp-image-43894\"\/><\/figure>\n\n\n\n<figure class=\"wp-block-image size-large\"><img loading=\"lazy\" width=\"1024\" height=\"768\" src=\"https:\/\/www.obispado-mdp.org.ar\/a\/wp-content\/uploads\/2024\/06\/Imagen-de-WhatsApp-2024-06-03-a-las-10.07.16_a2ccaa6d-1024x768.jpg\" alt=\"\" class=\"wp-image-43895\"\/><\/figure>\n\n\n\n<figure class=\"wp-block-image size-large\"><img loading=\"lazy\" width=\"1024\" height=\"768\" src=\"https:\/\/www.obispado-mdp.org.ar\/a\/wp-content\/uploads\/2024\/06\/Imagen-de-WhatsApp-2024-06-03-a-las-10.07.15_63c6e5d5-1024x768.jpg\" alt=\"\" class=\"wp-image-43896\"\/><\/figure>\n","protected":false},"excerpt":{"rendered":"<p>Convocados por la Junta Regional de Educaci\u00f3n Cat\u00f3lica (JuREC) de la di\u00f3cesis de Mar del Plata, presidentes y vicepresidentes de los distintos centros de estudiantes de las escuelas cat\u00f3licas de la di\u00f3cesis, mantuvieron&nbsp; un encuentro organizado por el Equipo de Centros de Estudiantes, del \u00c1rea de Pastoral de JuREC. En esta oportunidad, asistieron m\u00e1s de [&hellip;]<\/p>\n","protected":false},"author":4,"featured_media":0,"comment_status":"open","ping_status":"open","sticky":false,"template":"","format":"standard","meta":{"_et_pb_use_builder":"","_et_pb_old_content":"","_et_gb_content_width":""},"categories":[4],"tags":[],"aioseo_notices":[],"_links":{"self":[{"href":"https:\/\/www.obispado-mdp.org.ar\/a\/wp-json\/wp\/v2\/posts\/43892"}],"collection":[{"href":"https:\/\/www.obispado-mdp.org.ar\/a\/wp-json\/wp\/v2\/posts"}],"about":[{"href":"https:\/\/www.obispado-mdp.org.ar\/a\/wp-json\/wp\/v2\/types\/post"}],"author":[{"embeddable":true,"href":"https:\/\/www.obispado-mdp.org.ar\/a\/wp-json\/wp\/v2\/users\/4"}],"replies":[{"embeddable":true,"href":"https:\/\/www.obispado-mdp.org.ar\/a\/wp-json\/wp\/v2\/comments?post=43892"}],"version-history":[{"count":1,"href":"https:\/\/www.obispado-mdp.org.ar\/a\/wp-json\/wp\/v2\/posts\/43892\/revisions"}],"predecessor-version":[{"id":43897,"href":"https:\/\/www.obispado-mdp.org.ar\/a\/wp-json\/wp\/v2\/posts\/43892\/revisions\/43897"}],"wp:attachment":[{"href":"https:\/\/www.obispado-mdp.org.ar\/a\/wp-json\/wp\/v2\/media?parent=43892"}],"wp:term":[{"taxonomy":"category","embeddable":true,"href":"https:\/\/www.obispado-mdp.org.ar\/a\/wp-json\/wp\/v2\/categories?post=43892"},{"taxonomy":"post_tag","embeddable":true,"href":"https:\/\/www.obispado-mdp.org.ar\/a\/wp-json\/wp\/v2\/tags?post=43892"}],"curies":[{"name":"wp","href":"https:\/\/api.w.org\/{rel}","templated":true}]}}