{"id":43976,"date":"2024-06-07T10:52:13","date_gmt":"2024-06-07T13:52:13","guid":{"rendered":"https:\/\/www.obispado-mdp.org.ar\/a\/?p=43976"},"modified":"2024-06-07T10:52:14","modified_gmt":"2024-06-07T13:52:14","slug":"oracion-ecumenica-por-la-unidad-de-los-cristianos","status":"publish","type":"post","link":"https:\/\/www.obispado-mdp.org.ar\/a\/oracion-ecumenica-por-la-unidad-de-los-cristianos\/","title":{"rendered":"Oraci\u00f3n ecum\u00e9nica por la unidad de los cristianos"},"content":{"rendered":"\n<p>El administrador apost\u00f3lico de la di\u00f3cesis de Mar del Plata, monse\u00f1or Ernesto Giobando sj., particip\u00f3 por parte de la Iglesia Cat\u00f3lica del Encuentro de Oraci\u00f3n por la Unidad de los Cristianos, que tuvo como lema \u00abAmar\u00e1s al Se\u00f1or, tu Dios y a tu pr\u00f3jimo como a ti mismo\u00bb.<\/p>\n\n\n\n<p>El encuentro, que cada a\u00f1o re\u00fane a distintas iglesias para compartir un momento de oraci\u00f3n, se desarroll\u00f3 en esta ocasi\u00f3n en la sede de la Iglesia Metodista y cont\u00f3 con la participaci\u00f3n -adem\u00e1s de monse\u00f1or Giobando y los miembros de la Comisi\u00f3n Diocesana de Ecumenismo y Di\u00e1logo Interreligioso- de Blanca Barrios, de la Iglesia Metodista; Daniel Simoes, de la Iglesia Cristiana B\u00edblica; Norberto Santill\u00e1n, de la Iglesia Luterana IELU; Walter Llanos, de la Asociaci\u00f3n Pastoral Evang\u00e9lica de Mar del Plata, y Leticia Mart\u00ednez, de la Iglesia Reformada Argentina.<\/p>\n\n\n\n<p>Luego de la proclamaci\u00f3n de la Palabra de Dios, cada religioso encabez\u00f3 un momento de oraci\u00f3n, y a continuaci\u00f3n todos rezaron juntos, en un gesto de fraternidad, que fue coronado por el saludo\u00a0de\u00a0la\u00a0paz.<\/p>\n\n\n\n<p><\/p>\n\n\n\n<figure class=\"wp-block-image size-large\"><img loading=\"lazy\" width=\"1024\" height=\"576\" src=\"https:\/\/www.obispado-mdp.org.ar\/a\/wp-content\/uploads\/2024\/06\/ecumenico-1024x576.jpg\" alt=\"\" class=\"wp-image-43977\"\/><\/figure>\n","protected":false},"excerpt":{"rendered":"<p>El administrador apost\u00f3lico de la di\u00f3cesis de Mar del Plata, monse\u00f1or Ernesto Giobando sj., particip\u00f3 por parte de la Iglesia Cat\u00f3lica del Encuentro de Oraci\u00f3n por la Unidad de los Cristianos, que tuvo como lema \u00abAmar\u00e1s al Se\u00f1or, tu Dios y a tu pr\u00f3jimo como a ti mismo\u00bb. El encuentro, que cada a\u00f1o re\u00fane a [&hellip;]<\/p>\n","protected":false},"author":4,"featured_media":0,"comment_status":"open","ping_status":"open","sticky":false,"template":"","format":"standard","meta":{"_et_pb_use_builder":"","_et_pb_old_content":"","_et_gb_content_width":""},"categories":[4],"tags":[],"aioseo_notices":[],"_links":{"self":[{"href":"https:\/\/www.obispado-mdp.org.ar\/a\/wp-json\/wp\/v2\/posts\/43976"}],"collection":[{"href":"https:\/\/www.obispado-mdp.org.ar\/a\/wp-json\/wp\/v2\/posts"}],"about":[{"href":"https:\/\/www.obispado-mdp.org.ar\/a\/wp-json\/wp\/v2\/types\/post"}],"author":[{"embeddable":true,"href":"https:\/\/www.obispado-mdp.org.ar\/a\/wp-json\/wp\/v2\/users\/4"}],"replies":[{"embeddable":true,"href":"https:\/\/www.obispado-mdp.org.ar\/a\/wp-json\/wp\/v2\/comments?post=43976"}],"version-history":[{"count":2,"href":"https:\/\/www.obispado-mdp.org.ar\/a\/wp-json\/wp\/v2\/posts\/43976\/revisions"}],"predecessor-version":[{"id":43979,"href":"https:\/\/www.obispado-mdp.org.ar\/a\/wp-json\/wp\/v2\/posts\/43976\/revisions\/43979"}],"wp:attachment":[{"href":"https:\/\/www.obispado-mdp.org.ar\/a\/wp-json\/wp\/v2\/media?parent=43976"}],"wp:term":[{"taxonomy":"category","embeddable":true,"href":"https:\/\/www.obispado-mdp.org.ar\/a\/wp-json\/wp\/v2\/categories?post=43976"},{"taxonomy":"post_tag","embeddable":true,"href":"https:\/\/www.obispado-mdp.org.ar\/a\/wp-json\/wp\/v2\/tags?post=43976"}],"curies":[{"name":"wp","href":"https:\/\/api.w.org\/{rel}","templated":true}]}}