{"id":43985,"date":"2024-06-08T19:39:58","date_gmt":"2024-06-08T22:39:58","guid":{"rendered":"https:\/\/www.obispado-mdp.org.ar\/a\/?p=43985"},"modified":"2024-06-08T20:20:28","modified_gmt":"2024-06-08T23:20:28","slug":"fiesta-del-sagrado-corazon-de-jesus-en-madariaga","status":"publish","type":"post","link":"https:\/\/www.obispado-mdp.org.ar\/a\/fiesta-del-sagrado-corazon-de-jesus-en-madariaga\/","title":{"rendered":"Fiesta del Sagrado Coraz\u00f3n de Jes\u00fas en Madariaga"},"content":{"rendered":"\n<p>La comunidad de General Madariaga celebr\u00f3 este viernes 7 su Fiesta Patronal, en la solemnidad del Sagrado Coraz\u00f3n de Jes\u00fas. Este a\u00f1o, bajo el lema \u00abAn\u00edmanos a seguirte\u00bb, los fieles participaron de distintas propuestas, destac\u00e1ndose la procesi\u00f3n y la Misa que presidi\u00f3 el administrador apost\u00f3lico, monse\u00f1or Ernesto Giobando sj. y concelebraron el p\u00e1rroco local, presb\u00edtero Daniel Climente, y el p\u00e1rroco de Inmaculada Concepci\u00f3n de Villa Gesell, presb\u00edtero Pablo Bosisio. El intendente municipal, Dr. Esteban Santoro, tambi\u00e9n se hizo presente entre otras autoridades.<\/p>\n\n\n\n<p>A las 15 horas comenz\u00f3 la procesi\u00f3n que recorri\u00f3 el centro de la ciudad y finaliz\u00f3 en el atrio del templo parroquial, donde tuvo lugar la Eucarist\u00eda. Los ni\u00f1os de iniciaci\u00f3n cristiana renovaron las promesas del bautismo acompa\u00f1ados de toda la comunidad y al finalizar se consagr\u00f3 el pueblo al Coraz\u00f3n de Jes\u00fas.&nbsp;<\/p>\n\n\n\n<p>Los festejos concluyen el d\u00eda s\u00e1bado con el festival \u00abMadariaga te canta y baila\u00bb, en su cuarta edici\u00f3n, en el que artistas de la zona y bailarines homenajean a Jes\u00fas y tambi\u00e9n al inmaculado Coraz\u00f3n de Mar\u00eda.<\/p>\n\n\n\n<figure class=\"wp-block-image size-large\"><img loading=\"lazy\" width=\"1024\" height=\"768\" src=\"https:\/\/www.obispado-mdp.org.ar\/a\/wp-content\/uploads\/2024\/06\/Imagen-de-WhatsApp-2024-06-08-a-las-09.58.21_5539f998-1024x768.jpg\" alt=\"\" class=\"wp-image-43987\"\/><\/figure>\n\n\n\n<figure class=\"wp-block-image size-large\"><img loading=\"lazy\" width=\"1024\" height=\"1024\" src=\"https:\/\/www.obispado-mdp.org.ar\/a\/wp-content\/uploads\/2024\/06\/Imagen-de-WhatsApp-2024-06-08-a-las-18.41.05_d16f9ee8-1024x1024.jpg\" alt=\"\" class=\"wp-image-43988\"\/><\/figure>\n\n\n\n<figure class=\"wp-block-image size-large\"><img loading=\"lazy\" width=\"1024\" height=\"1024\" src=\"https:\/\/www.obispado-mdp.org.ar\/a\/wp-content\/uploads\/2024\/06\/Imagen-de-WhatsApp-2024-06-08-a-las-18.41.06_d00defdb-1024x1024.jpg\" alt=\"\" class=\"wp-image-43989\"\/><figcaption>Mons. Ernesto Giobando junto a el intendente municipal de Madariaga Dr. Esteban Santoro<\/figcaption><\/figure>\n\n\n\n<figure class=\"wp-block-image size-large\"><img loading=\"lazy\" width=\"1024\" height=\"766\" src=\"https:\/\/www.obispado-mdp.org.ar\/a\/wp-content\/uploads\/2024\/06\/Imagen-de-WhatsApp-2024-06-08-a-las-09.58.05_f7b05368-1024x766.jpg\" alt=\"\" class=\"wp-image-43990\"\/><\/figure>\n","protected":false},"excerpt":{"rendered":"<p>La comunidad de General Madariaga celebr\u00f3 este viernes 7 su Fiesta Patronal, en la solemnidad del Sagrado Coraz\u00f3n de Jes\u00fas. Este a\u00f1o, bajo el lema \u00abAn\u00edmanos a seguirte\u00bb, los fieles participaron de distintas propuestas, destac\u00e1ndose la procesi\u00f3n y la Misa que presidi\u00f3 el administrador apost\u00f3lico, monse\u00f1or Ernesto Giobando sj. y concelebraron el p\u00e1rroco local, presb\u00edtero [&hellip;]<\/p>\n","protected":false},"author":4,"featured_media":0,"comment_status":"open","ping_status":"open","sticky":false,"template":"","format":"standard","meta":{"_et_pb_use_builder":"","_et_pb_old_content":"","_et_gb_content_width":""},"categories":[4],"tags":[],"aioseo_notices":[],"_links":{"self":[{"href":"https:\/\/www.obispado-mdp.org.ar\/a\/wp-json\/wp\/v2\/posts\/43985"}],"collection":[{"href":"https:\/\/www.obispado-mdp.org.ar\/a\/wp-json\/wp\/v2\/posts"}],"about":[{"href":"https:\/\/www.obispado-mdp.org.ar\/a\/wp-json\/wp\/v2\/types\/post"}],"author":[{"embeddable":true,"href":"https:\/\/www.obispado-mdp.org.ar\/a\/wp-json\/wp\/v2\/users\/4"}],"replies":[{"embeddable":true,"href":"https:\/\/www.obispado-mdp.org.ar\/a\/wp-json\/wp\/v2\/comments?post=43985"}],"version-history":[{"count":3,"href":"https:\/\/www.obispado-mdp.org.ar\/a\/wp-json\/wp\/v2\/posts\/43985\/revisions"}],"predecessor-version":[{"id":43992,"href":"https:\/\/www.obispado-mdp.org.ar\/a\/wp-json\/wp\/v2\/posts\/43985\/revisions\/43992"}],"wp:attachment":[{"href":"https:\/\/www.obispado-mdp.org.ar\/a\/wp-json\/wp\/v2\/media?parent=43985"}],"wp:term":[{"taxonomy":"category","embeddable":true,"href":"https:\/\/www.obispado-mdp.org.ar\/a\/wp-json\/wp\/v2\/categories?post=43985"},{"taxonomy":"post_tag","embeddable":true,"href":"https:\/\/www.obispado-mdp.org.ar\/a\/wp-json\/wp\/v2\/tags?post=43985"}],"curies":[{"name":"wp","href":"https:\/\/api.w.org\/{rel}","templated":true}]}}